{"id":11100,"date":"2026-01-27T10:51:53","date_gmt":"2026-01-27T09:51:53","guid":{"rendered":"https:\/\/intra-dev-2.excellis.org\/?p=11100"},"modified":"2026-01-27T11:13:35","modified_gmt":"2026-01-27T10:13:35","slug":"deces-de-jean-louis-lacoume","status":"publish","type":"post","link":"https:\/\/intra-dev-2.excellis.org\/?p=11100","title":{"rendered":"D\u00e9c\u00e8s de Jean-Louis LACOUME"},"content":{"rendered":"\t\t<div data-elementor-type=\"wp-post\" data-elementor-id=\"11100\" class=\"elementor elementor-11100\" data-elementor-post-type=\"post\">\n\t\t\t\t<div class=\"elementor-element elementor-element-7256f86c e-flex e-con-boxed e-con e-parent\" data-id=\"7256f86c\" data-element_type=\"container\" data-e-type=\"container\">\n\t\t\t\t\t<div class=\"e-con-inner\">\n\t\t\t\t<div class=\"elementor-element elementor-element-11e2a280 elementor-widget elementor-widget-text-editor\" data-id=\"11e2a280\" data-element_type=\"widget\" data-e-type=\"widget\" data-widget_type=\"text-editor.default\">\n\t\t\t\t\t\t\t\t\t<p>Jean-Louis LACOUME s&rsquo;est \u00e9teint samedi 17 janvier 2026.<\/p><p><a href=\"https:\/\/jeanlouislacoume.wordpress.com\/\">Livre de Condol\u00e9ances<\/a><\/p><p>Nous adressons nos sinc\u00e8res condol\u00e9ances \u00e0 Danielle son \u00e9pouse, \u00e0 Laurent, Fabienne, Jean-Fran\u00e7ois, Dominique ses enfants, \u00e0 leurs conjointes et conjoints, \u00e0 ses petites-filles et petits-fils, ainsi qu&rsquo;\u00e0 l&rsquo;ensemble de sa famille et ses proches.<\/p><p>Une messe sera c\u00e9l\u00e9br\u00e9e en son hommage le vendredi 23 janvier, \u00e0 10h30 \u00e0 l&rsquo;\u00e9glise de Gi\u00e8res. (La famille ne souhaite ni fleurs ni couronnes, mais mettra en place le jour de la messe un don pour l&rsquo;Arboretum du Campus, lieu que Jean-Louis Lacoume appr\u00e9ciait particuli\u00e8rement.) Un livre de condol\u00e9ances num\u00e9rique sera ouvert tr\u00e8s prochainement pour recueillir des messages et des t\u00e9moignages.<\/p><p><a href=\"https:\/\/intra-dev-2.excellis.org\/wp-content\/uploads\/2026\/01\/Hommage_JLLacoume.pdf\">Hommage_JLLacoume<\/a><\/p><p>Ancien \u00e9l\u00e8ve de l&rsquo;\u00c9cole Normale Sup\u00e9rieure de la rue d&rsquo;Ulm, agr\u00e9g\u00e9 de physique en 1964, docteur d&rsquo;\u00e9tat en 1969, il est devenu Professeur des Universit\u00e9s \u00e0 l&rsquo;Universit\u00e9 Grenoble 1 en 1972, puis \u00e0 l&rsquo;Institut National Polytechnique de Grenoble, au sein de l&rsquo;ENSIEG en 1975, apr\u00e8s avoir \u00e9t\u00e9 assistant \u00e0 l&rsquo;Universit\u00e9 d&rsquo;Orsay et Ma\u00eetre de Conf\u00e9rence \u00e0 l&rsquo;Universit\u00e9 de Paris VI.<\/p><p>D\u00e8s son arriv\u00e9e \u00e0 Grenoble, il a assur\u00e9 des responsabilit\u00e9s importantes au sein des institutions. Il est devenu directeur du Centre des PH\u00e9nom\u00e8nes Al\u00e9atoires de Grenoble en 1972, et a pass\u00e9 la main \u00e0 Genevi\u00e8ve Jourdain en 1989.<\/p><p>Il est revenu aux affaires en dirigeant le Laboratoire des Images et des Signaux pendant quatre ans \u00e0 partir de 1998, (laboratoire issu de la fusion entre le CEPHAG et le LTIRF-Laboratoire de Traitement d&rsquo;images et de Reconnaissances des Formes), avant de passer le flambeau \u00e0 Jean-Marc Chassery.<\/p><p>Apr\u00e8s sa retraite fin 2005, ses activit\u00e9s ne se sont pas arr\u00eat\u00e9es. Il f\u00fbt nomm\u00e9 expert pour l&rsquo;analyse de l&rsquo;explosion dramatique de l&rsquo;usine AZF de Toulouse en 2001 avec ses coll\u00e8gues F. Glangeaud et M. Dietrich. Il travailla jusqu&rsquo;aux environs des ann\u00e9es 2020 comme expert pour le LETI\/CEA, mais \u00e9galement comme Professeur \u00c9m\u00e9rite au sein du GIPSA-Lab, co-encadrant des \u00e9tudiants et d\u00e9veloppant des recherches avec ses coll\u00e8gues.<\/p><p>Jean-Louis Lacoume \u00e9tait un physicien. Initialement expert de g\u00e9ophysique externe, il a d\u00e9velopp\u00e9 une \u00e9cole de g\u00e9ophysique au sein du CEPHAG en attirant et formant de nombreux coll\u00e8gues g\u00e9ophysiciens externes et internes (F. Glangeaud, G. Lejeune, W. Kofman, \\ldots). Il a notamment cr\u00e9\u00e9 avec F. Glangeaud le centre de traitement des signaux sismiques. Le G du CEPHAG a chang\u00e9 de signification en 1975 sous son impulsion pour devenir G\u00e9ophysique.<\/p><p>Sp\u00e9cialiste des ondes dans les milieux inhomog\u00e8nes et anisotropes, il a \u00e9t\u00e9 pionnier dans l&rsquo;utilisation des ondes pour le sondage des environnements terrestres, de l&rsquo;ionosph\u00e8re aux couches internes de la Terre. Il a toujours soutenu fortement l&rsquo;\u00e9tude de l&rsquo;environnement sous-marin, sp\u00e9cialit\u00e9 premi\u00e8re du CEPHAG n\u00e9 dans les ann\u00e9es soixante sous l&rsquo;impulsion de G. Bonnet et H. Mermoz. Ses travaux l&rsquo;ont conduit \u00e0 devenir un scientifique reconnu et appr\u00e9ci\u00e9 internationalement.<\/p><p>Outre ses nombreux travaux en g\u00e9ophysique, ses apports en th\u00e9orie du signal sont multiples et fondamentaux : m\u00e9thodes de localisation de sources, formalisation de la s\u00e9paration aveugle de sources et de la th\u00e9orie des statistiques d&rsquo;ordre sup\u00e9rieur pour le traitement du signal, apport de la cyclostationnarit\u00e9 en m\u00e9canique et en communications num\u00e9riques.<\/p><p>Ce scientifique passionn\u00e9 avait pour caract\u00e9ristique de travailler essentiellement \u00e0 la r\u00e9solution de probl\u00e8mes complexes et concrets. La th\u00e9orie du signal \u00e9tait son moyen, qu&rsquo;il s&rsquo;agisse de dater des carottes de glaces, de s\u00e9parer deux ondes polaris\u00e9es de mani\u00e8re aveugle ou encore de sonder le sous-sol \u00e0 l&rsquo;aide de bruits ambiants.<\/p><p>Jean-Louis Lacoume a particip\u00e9 au fa\u00e7onnement de la communaut\u00e9 nationale de traitement du signal. Tr\u00e8s impliqu\u00e9 au sein de l&rsquo;association GRETSI fond\u00e9e en 1967, il a \u00e9t\u00e9 l&rsquo;initiateur et le cr\u00e9ateur de la revue francophone Traitement du Signal, revue qui a exist\u00e9 pendant pr\u00e8s de quarante ann\u00e9es. Il en a \u00e9t\u00e9 le r\u00e9dacteur en chef durant plus de vingt ans, aid\u00e9 par Jeanne Malbos et de nombreux coll\u00e8gues. Il a particip\u00e9 au d\u00e9veloppement de la discipline, en l&rsquo;enseignant \u00e0 l&rsquo;INP Grenoble, mais \u00e9galement en r\u00e9digeant des ouvrages \u00e0 destination des \u00e9tudiants et des chercheurs (r\u00e9vision de l&rsquo;\u0153uvre de Jacques Max, ouvrages de traitement du signal pour les g\u00e9ophysiciens, trait\u00e9 sur les statistiques d&rsquo;ordre sup\u00e9rieur), mais aussi vers un public plus large \u00e0 travers le c\u00e9l\u00e8bre Que-Sais-Je de 1983, Th\u00e9orie du signal.<\/p><p>Jean-Louis Lacoume a encadr\u00e9 ou co-encadr\u00e9 de nombreuses doctorantes et doctorants. Il leur a transmis sa passion et son enthousiasme pour la recherche. Beaucoup ont trouv\u00e9 leur place dans le monde acad\u00e9mique. Il \u00e9tait toujours disponible pour eux, pr\u00eat \u00e0 noircir d&rsquo;\u00e9quations quelques pages de son \u00e9criture redout\u00e9e et les laisser repartir d\u00e9velopper ses conseils.<\/p><p>Suivre les cours de Jean-Louis Lacoume \u00e9tait un vrai challenge, tant la discipline est exigeante, mais surtout tant les digressions qu&rsquo;il d\u00e9veloppait l&#8217;emmenaient, lui et son public, sur des chemins passionnants. Il appuyait ses dires par de nombreux exemples physiques et rendait toujours ses cours tr\u00e8s vivants : il fallait l&rsquo;\u00e9couter siffler pour simuler ses chers sifflements radio-\u00e9lectriques afin d&rsquo;expliquer des concepts de temps-fr\u00e9quence, ou raconter comment les fonctions de corr\u00e9lations \u00e9taient calcul\u00e9es apr\u00e8s quantification forte.<\/p><p>La communaut\u00e9 du traitement du signal a la chance inou\u00efe d&rsquo;avoir eu en son sein un scientifique de la qualit\u00e9 de Jean-Louis Lacoume. Nul doute qu&rsquo;il inspirera encore longtemps les \u00e9l\u00e8ves qui ont eu le privil\u00e8ge de le conna\u00eetre et de le suivre.<\/p>\t\t\t\t\t\t\t\t<\/div>\n\t\t\t\t<div class=\"elementor-element elementor-element-7b2860a7 elementor-widget elementor-widget-html\" data-id=\"7b2860a7\" data-element_type=\"widget\" data-e-type=\"widget\" data-widget_type=\"html.default\">\n\t\t\t\t\t<div style=\"border-top: 1px solid #eee; padding-top: 15px; margin-top: 20px; font-family: Arial, sans-serif; font-size: 14px; color: #666;\">\r\n    <div style=\"display: flex; align-items: center; margin-bottom: 5px;\">\r\n        <span style=\"margin-right: 10px; font-weight: bold;\">\ud83c\udff7\ufe0f TAGGU\u00c9 :<\/span>\r\n        <span>Hommage, physicien, CEPHAG<\/span>\r\n    <\/div>\r\n    <div style=\"display: flex; align-items: center; margin-bottom: 5px;\">\r\n        <span style=\"margin-right: 10px; font-weight: bold;\">\ud83d\udce7 SOURCES :<\/span>\r\n        <spanr<\/span>\r\n    <\/div>\r\n   <\/div>\r\n\t\t\t\t<\/div>\n\t\t\t\t\t<\/div>\n\t\t\t\t<\/div>\n\t\t\t\t<\/div>\n\t\t","protected":false},"excerpt":{"rendered":"<p>Jean-Louis LACOUME s&rsquo;est \u00e9teint samedi 17 janvier 2026. Livre de Condol\u00e9ances Nous adressons nos sinc\u00e8res condol\u00e9ances \u00e0 Danielle son \u00e9pouse, \u00e0 Laurent, Fabienne, Jean-Fran\u00e7ois, Dominique ses enfants, \u00e0 leurs conjointes et conjoints, \u00e0 ses petites-filles et petits-fils, ainsi qu&rsquo;\u00e0 l&rsquo;ensemble de sa famille et ses proches. Une messe sera c\u00e9l\u00e9br\u00e9e en son hommage le vendredi [&hellip;]<\/p>\n","protected":false},"author":2,"featured_media":11101,"comment_status":"closed","ping_status":"open","sticky":false,"template":"","format":"standard","meta":{"rs_blank_template":"","rs_page_bg_color":"","slide_template_v7":"","footnotes":""},"categories":[76],"tags":[],"class_list":["post-11100","post","type-post","status-publish","format-standard","has-post-thumbnail","hentry","category-hommage"],"lang":"fr","translations":{"fr":11100},"pll_sync_post":[],"_links":{"self":[{"href":"https:\/\/intra-dev-2.excellis.org\/index.php?rest_route=\/wp\/v2\/posts\/11100","targetHints":{"allow":["GET"]}}],"collection":[{"href":"https:\/\/intra-dev-2.excellis.org\/index.php?rest_route=\/wp\/v2\/posts"}],"about":[{"href":"https:\/\/intra-dev-2.excellis.org\/index.php?rest_route=\/wp\/v2\/types\/post"}],"author":[{"embeddable":true,"href":"https:\/\/intra-dev-2.excellis.org\/index.php?rest_route=\/wp\/v2\/users\/2"}],"replies":[{"embeddable":true,"href":"https:\/\/intra-dev-2.excellis.org\/index.php?rest_route=%2Fwp%2Fv2%2Fcomments&post=11100"}],"version-history":[{"count":23,"href":"https:\/\/intra-dev-2.excellis.org\/index.php?rest_route=\/wp\/v2\/posts\/11100\/revisions"}],"predecessor-version":[{"id":13871,"href":"https:\/\/intra-dev-2.excellis.org\/index.php?rest_route=\/wp\/v2\/posts\/11100\/revisions\/13871"}],"wp:featuredmedia":[{"embeddable":true,"href":"https:\/\/intra-dev-2.excellis.org\/index.php?rest_route=\/wp\/v2\/media\/11101"}],"wp:attachment":[{"href":"https:\/\/intra-dev-2.excellis.org\/index.php?rest_route=%2Fwp%2Fv2%2Fmedia&parent=11100"}],"wp:term":[{"taxonomy":"category","embeddable":true,"href":"https:\/\/intra-dev-2.excellis.org\/index.php?rest_route=%2Fwp%2Fv2%2Fcategories&post=11100"},{"taxonomy":"post_tag","embeddable":true,"href":"https:\/\/intra-dev-2.excellis.org\/index.php?rest_route=%2Fwp%2Fv2%2Ftags&post=11100"}],"curies":[{"name":"wp","href":"https:\/\/api.w.org\/{rel}","templated":true}]}}