{"id":11159,"date":"2025-12-17T13:32:00","date_gmt":"2025-12-17T12:32:00","guid":{"rendered":"https:\/\/intra-dev-2.excellis.org\/?p=11159"},"modified":"2026-02-17T13:42:26","modified_gmt":"2026-02-17T12:42:26","slug":"adaptation-de-la-parole-a-distance-des-etudes-a-la-une","status":"publish","type":"post","link":"https:\/\/intra-dev-2.excellis.org\/?p=11159","title":{"rendered":"Adaptation de la Parole \u00e0 Distance : Des \u00c9tudes \u00e0 la Une"},"content":{"rendered":"\t\t<div data-elementor-type=\"wp-post\" data-elementor-id=\"11159\" class=\"elementor elementor-11159\" data-elementor-post-type=\"post\">\n\t\t\t\t<div class=\"elementor-element elementor-element-72ca3b9f e-flex e-con-boxed e-con e-parent\" data-id=\"72ca3b9f\" data-element_type=\"container\" data-e-type=\"container\">\n\t\t\t\t\t<div class=\"e-con-inner\">\n\t\t\t\t<div class=\"elementor-element elementor-element-b6c8f9b elementor-widget elementor-widget-text-editor\" data-id=\"b6c8f9b\" data-element_type=\"widget\" data-e-type=\"widget\" data-widget_type=\"text-editor.default\">\n\t\t\t\t\t\t\t\t\t<p>En novembre-d\u00e9cembre, divers \u00e9v\u00e9nements ont mis \u00e0 l&rsquo;honneur les recherches sur l\u2019adaptation de la parole \u00e0 la communication \u00e0 distance men\u00e9es depuis 10 ans au GIPSA-lab. Plusieurs d&rsquo;entre eux ont \u00e9t\u00e9 mis en ligne. Ces \u00e9v\u00e9nements ont impliqu\u00e9 Julien Meyer de l&rsquo;\u00e9quipe PCMD en collaboration avec Victor Manfredi de l&rsquo;Univ. Boston, Rachid Ridouane du LPP (Paris), Damien \u00a0Davy du LEEISA (Guyane) et l&rsquo;\u00e9quipe de la Chaire culturelle \u00ab\u00a0Aula de Silbo\u00a0\u00bb &#8212; dirig\u00e9e par Mar\u00eda Jes\u00fas Rodr\u00edguez, cr\u00e9\u00e9e en 2024 et dont J. Meyer fait partie \u00e0 l&rsquo;Univ. Gran Canaria (ULPGC).<\/p>\t\t\t\t\t\t\t\t<\/div>\n\t\t<div class=\"elementor-element elementor-element-26d3d56 e-con-full e-flex e-con e-child\" data-id=\"26d3d56\" data-element_type=\"container\" data-e-type=\"container\">\n\t\t<div class=\"elementor-element elementor-element-93cd14b e-con-full e-flex e-con e-child\" data-id=\"93cd14b\" data-element_type=\"container\" data-e-type=\"container\">\n\t\t\t\t<div class=\"elementor-element elementor-element-150f718 elementor-widget elementor-widget-text-editor\" data-id=\"150f718\" data-element_type=\"widget\" data-e-type=\"widget\" data-widget_type=\"text-editor.default\">\n\t\t\t\t\t\t\t\t\t<p>Parmi ces initiatives :\u00a0<\/p>\t\t\t\t\t\t\t\t<\/div>\n\t\t\t\t<div class=\"elementor-element elementor-element-e221fd4 elementor-widget elementor-widget-ova_list_checked\" data-id=\"e221fd4\" data-element_type=\"widget\" data-e-type=\"widget\" data-widget_type=\"ova_list_checked.default\">\n\t\t\t\t<div class=\"elementor-widget-container\">\n\t\t\t\t\t\t\t\n\t\t<div class=\"ova_list_checked\" >\n\t\t\t\t\t\t\t<ul>\n\t\t\t\t\t\t\t\t\t<li class=\"item\">\n\t\t\t\t\t\t<i data-feather=\"check-circle\"><\/i>\n\t\t\t\t\t\t<span>La s\u00e9ance du 13 d\u00e9cembre de la soci\u00e9t\u00e9 Linguistique de Paris avec un bilan sur &quot;Comment les syst\u00e8mes linguistiques sont-ils adapt\u00e9s \u00e0 la n\u00e9cessit\u00e9 de parler \u00e0 distance : parole cri\u00e9e, siffl\u00e9e, tambourin\u00e9e&quot;<\/span>\n\t\t\t\t\t<\/li>\n\t\t\t\t\t\t\t\t\t<li class=\"item\">\n\t\t\t\t\t\t<i data-feather=\"check-circle\"><\/i>\n\t\t\t\t\t\t<span>Un dossier sur &quot;les communications et les modes d&#039;habiter&quot; am\u00e9rindiens de l&#039;Amazonie guyanaise, qui fait la part belle aux langues, publi\u00e9 le 5 d\u00e9cembre par la Fondation de l&#039;Universit\u00e9 de Guyane.<\/span>\n\t\t\t\t\t<\/li>\n\t\t\t\t\t\t\t\t<\/ul>\n\t\t\t\n\t\t<\/div>\n\n\t\t\t\t\t\t<\/div>\n\t\t\t\t<\/div>\n\t\t\t\t<\/div>\n\t\t<div class=\"elementor-element elementor-element-eb0d85f e-con-full e-flex e-con e-child\" data-id=\"eb0d85f\" data-element_type=\"container\" data-e-type=\"container\">\n\t\t\t\t<div class=\"elementor-element elementor-element-c97ee26 elementor-widget elementor-widget-image\" data-id=\"c97ee26\" data-element_type=\"widget\" data-e-type=\"widget\" data-widget_type=\"image.default\">\n\t\t\t\t\t\t\t\t\t\t\t\t\t\t\t<img decoding=\"async\" src=\"https:\/\/intra-dev-2.excellis.org\/wp-content\/plugins\/elementor\/assets\/images\/placeholder.png\" title=\"\" alt=\"\" loading=\"lazy\" \/>\t\t\t\t\t\t\t\t\t\t\t\t\t\t\t<\/div>\n\t\t\t\t<\/div>\n\t\t\t\t<\/div>\n\t\t<div class=\"elementor-element elementor-element-914cc29 e-con-full e-flex e-con e-child\" data-id=\"914cc29\" data-element_type=\"container\" data-e-type=\"container\">\n\t\t<div class=\"elementor-element elementor-element-38a4e6f e-con-full e-flex e-con e-child\" data-id=\"38a4e6f\" data-element_type=\"container\" data-e-type=\"container\">\n\t\t\t\t<div class=\"elementor-element elementor-element-9108964 elementor-widget elementor-widget-ova_list_checked\" data-id=\"9108964\" data-element_type=\"widget\" data-e-type=\"widget\" data-widget_type=\"ova_list_checked.default\">\n\t\t\t\t<div class=\"elementor-widget-container\">\n\t\t\t\t\t\t\t\n\t\t<div class=\"ova_list_checked\" >\n\t\t\t\t\t\t\t<ul>\n\t\t\t\t\t\t\t\t\t<li class=\"item\">\n\t\t\t\t\t\t<i data-feather=\"check-circle\"><\/i>\n\t\t\t\t\t\t<span>L&#039;article &quot;Auxiliary speech by vocal tract modulation and musical surrogacy&quot; publi\u00e9 le 19 novembre dans le Oxford Handbook of Language and Music.<\/span>\n\t\t\t\t\t<\/li>\n\t\t\t\t\t\t\t\t\t<li class=\"item\">\n\t\t\t\t\t\t<i data-feather=\"check-circle\"><\/i>\n\t\t\t\t\t\t<span>Les Journ\u00e9es d&#039;Ethnohistoire du Silbo en Espagne dont 10 conf\u00e9rences sont disponibles sur les th\u00e9matiques de la diversit\u00e9 linguistique et de la patrimonialisation des traditions orales.<\/span>\n\t\t\t\t\t<\/li>\n\t\t\t\t\t\t\t\t<\/ul>\n\t\t\t\n\t\t<\/div>\n\n\t\t\t\t\t\t<\/div>\n\t\t\t\t<\/div>\n\t\t\t\t<\/div>\n\t\t\t\t<\/div>\n\t\t\t\t<div class=\"elementor-element elementor-element-11be02f0 elementor-widget elementor-widget-html\" data-id=\"11be02f0\" data-element_type=\"widget\" data-e-type=\"widget\" data-widget_type=\"html.default\">\n\t\t\t\t\t<div style=\"border-top: 1px solid #eee; padding-top: 15px; margin-top: 20px; font-family: Arial, sans-serif; font-size: 14px; color: #666;\">\r\n    <div style=\"display: flex; align-items: center; margin-bottom: 5px;\">\r\n        <span style=\"margin-right: 10px; font-weight: bold;\">\ud83c\udff7\ufe0f TAG :<\/span>\r\n        <span>Recherche, Projets, International, Financement<\/span>\r\n    <\/div>\r\n    <div style=\"display: flex; align-items: center; margin-bottom: 5px;\">\r\n        <span style=\"margin-right: 10px; font-weight: bold;\">\ud83d\udce7 SOURCES :<\/span>\r\n        <span>cnrs.fr, univ-grenoble-alpes.fr<\/span>\r\n    <\/div>\r\n   <\/div>\r\n\t\t\t\t<\/div>\n\t\t\t\t\t<\/div>\n\t\t\t\t<\/div>\n\t\t\t\t<\/div>\n\t\t","protected":false},"excerpt":{"rendered":"<p>En novembre-d\u00e9cembre, divers \u00e9v\u00e9nements ont mis \u00e0 l&rsquo;honneur les recherches sur l\u2019adaptation de la parole \u00e0 la communication \u00e0 distance men\u00e9es depuis 10 ans au GIPSA-lab. Plusieurs d&rsquo;entre eux ont \u00e9t\u00e9 mis en ligne. Ces \u00e9v\u00e9nements ont impliqu\u00e9 Julien Meyer de l&rsquo;\u00e9quipe PCMD en collaboration avec Victor Manfredi de l&rsquo;Univ. Boston, Rachid Ridouane du LPP [&hellip;]<\/p>\n","protected":false},"author":2,"featured_media":11160,"comment_status":"closed","ping_status":"open","sticky":false,"template":"","format":"standard","meta":{"rs_blank_template":"","rs_page_bg_color":"","slide_template_v7":"","footnotes":""},"categories":[72,73],"tags":[],"class_list":["post-11159","post","type-post","status-publish","format-standard","has-post-thumbnail","hentry","category-actualite","category-communique"],"lang":"fr","translations":{"fr":11159},"pll_sync_post":[],"_links":{"self":[{"href":"https:\/\/intra-dev-2.excellis.org\/index.php?rest_route=\/wp\/v2\/posts\/11159","targetHints":{"allow":["GET"]}}],"collection":[{"href":"https:\/\/intra-dev-2.excellis.org\/index.php?rest_route=\/wp\/v2\/posts"}],"about":[{"href":"https:\/\/intra-dev-2.excellis.org\/index.php?rest_route=\/wp\/v2\/types\/post"}],"author":[{"embeddable":true,"href":"https:\/\/intra-dev-2.excellis.org\/index.php?rest_route=\/wp\/v2\/users\/2"}],"replies":[{"embeddable":true,"href":"https:\/\/intra-dev-2.excellis.org\/index.php?rest_route=%2Fwp%2Fv2%2Fcomments&post=11159"}],"version-history":[{"count":55,"href":"https:\/\/intra-dev-2.excellis.org\/index.php?rest_route=\/wp\/v2\/posts\/11159\/revisions"}],"predecessor-version":[{"id":11280,"href":"https:\/\/intra-dev-2.excellis.org\/index.php?rest_route=\/wp\/v2\/posts\/11159\/revisions\/11280"}],"wp:featuredmedia":[{"embeddable":true,"href":"https:\/\/intra-dev-2.excellis.org\/index.php?rest_route=\/wp\/v2\/media\/11160"}],"wp:attachment":[{"href":"https:\/\/intra-dev-2.excellis.org\/index.php?rest_route=%2Fwp%2Fv2%2Fmedia&parent=11159"}],"wp:term":[{"taxonomy":"category","embeddable":true,"href":"https:\/\/intra-dev-2.excellis.org\/index.php?rest_route=%2Fwp%2Fv2%2Fcategories&post=11159"},{"taxonomy":"post_tag","embeddable":true,"href":"https:\/\/intra-dev-2.excellis.org\/index.php?rest_route=%2Fwp%2Fv2%2Ftags&post=11159"}],"curies":[{"name":"wp","href":"https:\/\/api.w.org\/{rel}","templated":true}]}}