{"id":12250,"date":"2025-01-09T14:42:00","date_gmt":"2025-01-09T13:42:00","guid":{"rendered":"https:\/\/intra-dev-2.excellis.org\/?p=12250"},"modified":"2026-02-04T15:18:47","modified_gmt":"2026-02-04T14:18:47","slug":"ceremonie-de-remise-des-medailles-du-cnrs-alpes","status":"publish","type":"post","link":"https:\/\/intra-dev-2.excellis.org\/?p=12250","title":{"rendered":"C\u00e9r\u00e9monie de Remise des M\u00e9dailles du CNRS Alpes"},"content":{"rendered":"\t\t<div data-elementor-type=\"wp-post\" data-elementor-id=\"12250\" class=\"elementor elementor-12250\" data-elementor-post-type=\"post\">\n\t\t\t\t<div class=\"elementor-element elementor-element-1c8d2681 e-flex e-con-boxed e-con e-parent\" data-id=\"1c8d2681\" data-element_type=\"container\" data-e-type=\"container\">\n\t\t\t\t\t<div class=\"e-con-inner\">\n\t\t\t\t<div class=\"elementor-element elementor-element-2dc751a5 elementor-widget elementor-widget-text-editor\" data-id=\"2dc751a5\" data-element_type=\"widget\" data-e-type=\"widget\" data-widget_type=\"text-editor.default\">\n\t\t\t\t\t\t\t\t\t<p>La c\u00e9r\u00e9monie de remise des m\u00e9dailles du CNRS Alpes a eu lieu le 29 Novembre 2024 au World Trade Center de Grenoble. Christophe PRIEUR, directeur CNRS\/GIPSA-lab \u00e9quipe Infinity, \u00e9tait au c\u00f4t\u00e9 des laur\u00e9ats pour recevoir la m\u00e9daille d&rsquo;argent dont il a \u00e9t\u00e9 r\u00e9cemment distingu\u00e9 pour ses contributions au rayonnement et \u00e0 l&rsquo;avanc\u00e9e de la recherche.<\/p><p>La c\u00e9r\u00e9monie a \u00e9t\u00e9 l&rsquo;occasion de d\u00e9couvrir les portraits et les travaux de recherche des laur\u00e9ats en pr\u00e9sence des acteurs et des directions des instituts scientifiques du territoire.\u00a0<\/p>\t\t\t\t\t\t\t\t<\/div>\n\t\t<div class=\"elementor-element elementor-element-1c2e12f7 e-con-full e-flex e-con e-child\" data-id=\"1c2e12f7\" data-element_type=\"container\" data-e-type=\"container\">\n\t\t<div class=\"elementor-element elementor-element-1b40c5c0 e-con-full e-flex e-con e-child\" data-id=\"1b40c5c0\" data-element_type=\"container\" data-e-type=\"container\">\n\t\t\t\t<div class=\"elementor-element elementor-element-7b687e7f elementor-widget elementor-widget-image\" data-id=\"7b687e7f\" data-element_type=\"widget\" data-e-type=\"widget\" data-widget_type=\"image.default\">\n\t\t\t\t\t\t\t\t\t\t\t\t\t\t\t<img fetchpriority=\"high\" decoding=\"async\" width=\"1024\" height=\"682\" src=\"https:\/\/intra-dev-2.excellis.org\/wp-content\/uploads\/2025\/01\/Ceremonie-de-remise-des-medailles-du-CNRS-Alpes1-1024x682.png\" class=\"attachment-large size-large wp-image-12254\" alt=\"\" srcset=\"https:\/\/intra-dev-2.excellis.org\/wp-content\/uploads\/2025\/01\/Ceremonie-de-remise-des-medailles-du-CNRS-Alpes1-1024x682.png 1024w, https:\/\/intra-dev-2.excellis.org\/wp-content\/uploads\/2025\/01\/Ceremonie-de-remise-des-medailles-du-CNRS-Alpes1-300x200.png 300w, https:\/\/intra-dev-2.excellis.org\/wp-content\/uploads\/2025\/01\/Ceremonie-de-remise-des-medailles-du-CNRS-Alpes1-768x512.png 768w, https:\/\/intra-dev-2.excellis.org\/wp-content\/uploads\/2025\/01\/Ceremonie-de-remise-des-medailles-du-CNRS-Alpes1-600x400.png 600w, https:\/\/intra-dev-2.excellis.org\/wp-content\/uploads\/2025\/01\/Ceremonie-de-remise-des-medailles-du-CNRS-Alpes1-560x373.png 560w, https:\/\/intra-dev-2.excellis.org\/wp-content\/uploads\/2025\/01\/Ceremonie-de-remise-des-medailles-du-CNRS-Alpes1.png 1280w\" sizes=\"(max-width: 1024px) 100vw, 1024px\" \/>\t\t\t\t\t\t\t\t\t\t\t\t\t\t\t<\/div>\n\t\t\t\t<\/div>\n\t\t<div class=\"elementor-element elementor-element-fb8db41 e-con-full e-flex e-con e-child\" data-id=\"fb8db41\" data-element_type=\"container\" data-e-type=\"container\">\n\t\t\t\t<div class=\"elementor-element elementor-element-fe18d86 elementor-widget elementor-widget-image\" data-id=\"fe18d86\" data-element_type=\"widget\" data-e-type=\"widget\" data-widget_type=\"image.default\">\n\t\t\t\t\t\t\t\t\t\t\t\t\t\t\t<img decoding=\"async\" width=\"1024\" height=\"682\" src=\"https:\/\/intra-dev-2.excellis.org\/wp-content\/uploads\/2025\/01\/Ceremonie-de-remise-des-medailles-du-CNRS-Alpes-2-1024x682.png\" class=\"attachment-large size-large wp-image-12255\" alt=\"\" srcset=\"https:\/\/intra-dev-2.excellis.org\/wp-content\/uploads\/2025\/01\/Ceremonie-de-remise-des-medailles-du-CNRS-Alpes-2-1024x682.png 1024w, https:\/\/intra-dev-2.excellis.org\/wp-content\/uploads\/2025\/01\/Ceremonie-de-remise-des-medailles-du-CNRS-Alpes-2-300x200.png 300w, https:\/\/intra-dev-2.excellis.org\/wp-content\/uploads\/2025\/01\/Ceremonie-de-remise-des-medailles-du-CNRS-Alpes-2-768x512.png 768w, https:\/\/intra-dev-2.excellis.org\/wp-content\/uploads\/2025\/01\/Ceremonie-de-remise-des-medailles-du-CNRS-Alpes-2-600x400.png 600w, https:\/\/intra-dev-2.excellis.org\/wp-content\/uploads\/2025\/01\/Ceremonie-de-remise-des-medailles-du-CNRS-Alpes-2-560x373.png 560w, https:\/\/intra-dev-2.excellis.org\/wp-content\/uploads\/2025\/01\/Ceremonie-de-remise-des-medailles-du-CNRS-Alpes-2.png 1280w\" sizes=\"(max-width: 1024px) 100vw, 1024px\" \/>\t\t\t\t\t\t\t\t\t\t\t\t\t\t\t<\/div>\n\t\t\t\t<\/div>\n\t\t<div class=\"elementor-element elementor-element-ea8c76d e-con-full e-flex e-con e-child\" data-id=\"ea8c76d\" data-element_type=\"container\" data-e-type=\"container\">\n\t\t\t\t<div class=\"elementor-element elementor-element-c2bd9ce elementor-widget elementor-widget-image\" data-id=\"c2bd9ce\" data-element_type=\"widget\" data-e-type=\"widget\" data-widget_type=\"image.default\">\n\t\t\t\t\t\t\t\t\t\t\t\t\t\t\t<img decoding=\"async\" width=\"1024\" height=\"682\" src=\"https:\/\/intra-dev-2.excellis.org\/wp-content\/uploads\/2025\/01\/Ceremonie-de-remise-des-medailles-du-CNRS-Alpes-3-1024x682.png\" class=\"attachment-large size-large wp-image-12260\" alt=\"\" srcset=\"https:\/\/intra-dev-2.excellis.org\/wp-content\/uploads\/2025\/01\/Ceremonie-de-remise-des-medailles-du-CNRS-Alpes-3-1024x682.png 1024w, https:\/\/intra-dev-2.excellis.org\/wp-content\/uploads\/2025\/01\/Ceremonie-de-remise-des-medailles-du-CNRS-Alpes-3-300x200.png 300w, https:\/\/intra-dev-2.excellis.org\/wp-content\/uploads\/2025\/01\/Ceremonie-de-remise-des-medailles-du-CNRS-Alpes-3-768x512.png 768w, https:\/\/intra-dev-2.excellis.org\/wp-content\/uploads\/2025\/01\/Ceremonie-de-remise-des-medailles-du-CNRS-Alpes-3-600x400.png 600w, https:\/\/intra-dev-2.excellis.org\/wp-content\/uploads\/2025\/01\/Ceremonie-de-remise-des-medailles-du-CNRS-Alpes-3-560x373.png 560w, https:\/\/intra-dev-2.excellis.org\/wp-content\/uploads\/2025\/01\/Ceremonie-de-remise-des-medailles-du-CNRS-Alpes-3.png 1280w\" sizes=\"(max-width: 1024px) 100vw, 1024px\" \/>\t\t\t\t\t\t\t\t\t\t\t\t\t\t\t<\/div>\n\t\t\t\t<\/div>\n\t\t\t\t<\/div>\n\t\t<div class=\"elementor-element elementor-element-c7b7aec e-con-full e-flex e-con e-child\" data-id=\"c7b7aec\" data-element_type=\"container\" data-e-type=\"container\">\n\t\t<div class=\"elementor-element elementor-element-90a8049 e-con-full e-flex e-con e-child\" data-id=\"90a8049\" data-element_type=\"container\" data-e-type=\"container\">\n\t\t\t\t<div class=\"elementor-element elementor-element-389e6b4 elementor-widget elementor-widget-heading\" data-id=\"389e6b4\" data-element_type=\"widget\" data-e-type=\"widget\" data-widget_type=\"heading.default\">\n\t\t\t\t\t<h5 class=\"elementor-heading-title elementor-size-default\">En savoir plus sur :<\/h5>\t\t\t\t<\/div>\n\t\t\t\t<\/div>\n\t\t<div class=\"elementor-element elementor-element-8d50396 e-con-full e-flex e-con e-child\" data-id=\"8d50396\" data-element_type=\"container\" data-e-type=\"container\">\n\t\t\t\t<div class=\"elementor-element elementor-element-3609458 elementor-icon-list--layout-traditional elementor-list-item-link-full_width elementor-widget elementor-widget-icon-list\" data-id=\"3609458\" data-element_type=\"widget\" data-e-type=\"widget\" data-widget_type=\"icon-list.default\">\n\t\t\t\t\t\t\t<ul class=\"elementor-icon-list-items\">\n\t\t\t\t\t\t\t<li class=\"elementor-icon-list-item\">\n\t\t\t\t\t\t\t\t\t\t\t<a href=\"https:\/\/www.alpes.cnrs.fr\/fr\/ceremonie-des-medailles-cnrs-alpes-2024#:~:text=Vendredi%2029%20novembre%202024%2C%20lors,ont%20ainsi%20re%C3%A7u%20leur%20distinction.\">\n\n\t\t\t\t\t\t\t\t\t\t\t\t<span class=\"elementor-icon-list-icon\">\n\t\t\t\t\t\t\t<svg aria-hidden=\"true\" class=\"e-font-icon-svg e-fas-arrow-alt-circle-right\" viewBox=\"0 0 512 512\" xmlns=\"http:\/\/www.w3.org\/2000\/svg\"><path d=\"M256 8c137 0 248 111 248 248S393 504 256 504 8 393 8 256 119 8 256 8zM140 300h116v70.9c0 10.7 13 16.1 20.5 8.5l114.3-114.9c4.7-4.7 4.7-12.2 0-16.9l-114.3-115c-7.6-7.6-20.5-2.2-20.5 8.5V212H140c-6.6 0-12 5.4-12 12v64c0 6.6 5.4 12 12 12z\"><\/path><\/svg>\t\t\t\t\t\t<\/span>\n\t\t\t\t\t\t\t\t\t\t<span class=\"elementor-icon-list-text\">Sur la c\u00e9r\u00e9monie des m\u00e9dailles CNRS Alpes 2024<\/span>\n\t\t\t\t\t\t\t\t\t\t\t<\/a>\n\t\t\t\t\t\t\t\t\t<\/li>\n\t\t\t\t\t\t\t\t<li class=\"elementor-icon-list-item\">\n\t\t\t\t\t\t\t\t\t\t\t<a href=\"https:\/\/intranet.gipsa-lab.grenoble-inp.fr\/user\/christophe.prieur\">\n\n\t\t\t\t\t\t\t\t\t\t\t\t<span class=\"elementor-icon-list-icon\">\n\t\t\t\t\t\t\t<svg aria-hidden=\"true\" class=\"e-font-icon-svg e-fas-arrow-alt-circle-right\" viewBox=\"0 0 512 512\" xmlns=\"http:\/\/www.w3.org\/2000\/svg\"><path d=\"M256 8c137 0 248 111 248 248S393 504 256 504 8 393 8 256 119 8 256 8zM140 300h116v70.9c0 10.7 13 16.1 20.5 8.5l114.3-114.9c4.7-4.7 4.7-12.2 0-16.9l-114.3-115c-7.6-7.6-20.5-2.2-20.5 8.5V212H140c-6.6 0-12 5.4-12 12v64c0 6.6 5.4 12 12 12z\"><\/path><\/svg>\t\t\t\t\t\t<\/span>\n\t\t\t\t\t\t\t\t\t\t<span class=\"elementor-icon-list-text\">Sur les travaux de Christophe PRIEUR<\/span>\n\t\t\t\t\t\t\t\t\t\t\t<\/a>\n\t\t\t\t\t\t\t\t\t<\/li>\n\t\t\t\t\t\t<\/ul>\n\t\t\t\t\t\t<\/div>\n\t\t\t\t<\/div>\n\t\t\t\t<\/div>\n\t\t\t\t\t<\/div>\n\t\t\t\t<\/div>\n\t\t\t\t<\/div>\n\t\t","protected":false},"excerpt":{"rendered":"<p>La c\u00e9r\u00e9monie de remise des m\u00e9dailles du CNRS Alpes a eu lieu le 29 Novembre 2024 au World Trade Center de Grenoble. Christophe PRIEUR, directeur CNRS\/GIPSA-lab \u00e9quipe Infinity, \u00e9tait au c\u00f4t\u00e9 des laur\u00e9ats pour recevoir la m\u00e9daille d&rsquo;argent dont il a \u00e9t\u00e9 r\u00e9cemment distingu\u00e9 pour ses contributions au rayonnement et \u00e0 l&rsquo;avanc\u00e9e de la recherche. [&hellip;]<\/p>\n","protected":false},"author":2,"featured_media":12285,"comment_status":"closed","ping_status":"open","sticky":false,"template":"","format":"standard","meta":{"rs_blank_template":"","rs_page_bg_color":"","slide_template_v7":"","footnotes":""},"categories":[310],"tags":[],"class_list":["post-12250","post","type-post","status-publish","format-standard","has-post-thumbnail","hentry","category-prix-distinction-nomination___fr"],"lang":"fr","translations":{"fr":12250},"pll_sync_post":[],"_links":{"self":[{"href":"https:\/\/intra-dev-2.excellis.org\/index.php?rest_route=\/wp\/v2\/posts\/12250","targetHints":{"allow":["GET"]}}],"collection":[{"href":"https:\/\/intra-dev-2.excellis.org\/index.php?rest_route=\/wp\/v2\/posts"}],"about":[{"href":"https:\/\/intra-dev-2.excellis.org\/index.php?rest_route=\/wp\/v2\/types\/post"}],"author":[{"embeddable":true,"href":"https:\/\/intra-dev-2.excellis.org\/index.php?rest_route=\/wp\/v2\/users\/2"}],"replies":[{"embeddable":true,"href":"https:\/\/intra-dev-2.excellis.org\/index.php?rest_route=%2Fwp%2Fv2%2Fcomments&post=12250"}],"version-history":[{"count":7,"href":"https:\/\/intra-dev-2.excellis.org\/index.php?rest_route=\/wp\/v2\/posts\/12250\/revisions"}],"predecessor-version":[{"id":12263,"href":"https:\/\/intra-dev-2.excellis.org\/index.php?rest_route=\/wp\/v2\/posts\/12250\/revisions\/12263"}],"wp:featuredmedia":[{"embeddable":true,"href":"https:\/\/intra-dev-2.excellis.org\/index.php?rest_route=\/wp\/v2\/media\/12285"}],"wp:attachment":[{"href":"https:\/\/intra-dev-2.excellis.org\/index.php?rest_route=%2Fwp%2Fv2%2Fmedia&parent=12250"}],"wp:term":[{"taxonomy":"category","embeddable":true,"href":"https:\/\/intra-dev-2.excellis.org\/index.php?rest_route=%2Fwp%2Fv2%2Fcategories&post=12250"},{"taxonomy":"post_tag","embeddable":true,"href":"https:\/\/intra-dev-2.excellis.org\/index.php?rest_route=%2Fwp%2Fv2%2Ftags&post=12250"}],"curies":[{"name":"wp","href":"https:\/\/api.w.org\/{rel}","templated":true}]}}