{"id":12288,"date":"2025-01-22T15:22:00","date_gmt":"2025-01-22T14:22:00","guid":{"rendered":"https:\/\/intra-dev-2.excellis.org\/?p=12288"},"modified":"2026-02-04T15:27:49","modified_gmt":"2026-02-04T14:27:49","slug":"save-the-date-sensibilisation-aux-violences-sexistes-et-sexuelles","status":"publish","type":"post","link":"https:\/\/intra-dev-2.excellis.org\/?p=12288","title":{"rendered":"Save the Date &#8211; Sensibilisation aux Violences Sexistes et Sexuelles"},"content":{"rendered":"\t\t<div data-elementor-type=\"wp-post\" data-elementor-id=\"12288\" class=\"elementor elementor-12288\" data-elementor-post-type=\"post\">\n\t\t\t\t<div class=\"elementor-element elementor-element-32812cf7 e-flex e-con-boxed e-con e-parent\" data-id=\"32812cf7\" data-element_type=\"container\" data-e-type=\"container\">\n\t\t\t\t\t<div class=\"e-con-inner\">\n\t\t\t\t<div class=\"elementor-element elementor-element-7d57b43c elementor-widget elementor-widget-text-editor\" data-id=\"7d57b43c\" data-element_type=\"widget\" data-e-type=\"widget\" data-widget_type=\"text-editor.default\">\n\t\t\t\t\t\t\t\t\t<p>Une sensibilisation aux violences sexistes et sexuelles est propos\u00e9e \u00e0 l&rsquo;ensemble du laboratoire, en commun avec l&rsquo;UGA, le\u00a0<strong>10 f\u00e9vrier prochain de 14h \u00e0 16h<\/strong>\u00a0dans l&rsquo;amphi Z108 \u00e0 Grenoble INP &#8211; Phelma. Elle sera anim\u00e9e par Sylvie Cromer, enseignante-chercheuse \u00e9m\u00e9rite et sp\u00e9cialiste des VSS (violences sexistes et sexuelles) dans l&rsquo;enseignement sup\u00e9rieur et la recherche et directrice de l\u2019Institut du genre.<\/p><p>Cette sensibilisation abordera le cadre sociologique, statistique et juridique des VSS dans l&rsquo;enseignement sup\u00e9rieur et la recherche, mais aussi le dispositif de signalement des actes de VSS, discriminations et harc\u00e8lements (dispositif commun avec l&rsquo;UGA).<\/p>\t\t\t\t\t\t\t\t<\/div>\n\t\t<div class=\"elementor-element elementor-element-7e6b9e59 e-con-full e-flex e-con e-child\" data-id=\"7e6b9e59\" data-element_type=\"container\" data-e-type=\"container\">\n\t\t<div class=\"elementor-element elementor-element-481cb3ba e-con-full e-flex e-con e-child\" data-id=\"481cb3ba\" data-element_type=\"container\" data-e-type=\"container\">\n\t\t\t\t<div class=\"elementor-element elementor-element-20ad9349 elementor-widget elementor-widget-heading\" data-id=\"20ad9349\" data-element_type=\"widget\" data-e-type=\"widget\" data-widget_type=\"heading.default\">\n\t\t\t\t\t<h5 class=\"elementor-heading-title elementor-size-default\">En savoir plus sur :<\/h5>\t\t\t\t<\/div>\n\t\t\t\t<\/div>\n\t\t<div class=\"elementor-element elementor-element-60420e4b e-con-full e-flex e-con e-child\" data-id=\"60420e4b\" data-element_type=\"container\" data-e-type=\"container\">\n\t\t\t\t<div class=\"elementor-element elementor-element-1f83c6ca elementor-icon-list--layout-traditional elementor-list-item-link-full_width elementor-widget elementor-widget-icon-list\" data-id=\"1f83c6ca\" data-element_type=\"widget\" data-e-type=\"widget\" data-widget_type=\"icon-list.default\">\n\t\t\t\t\t\t\t<ul class=\"elementor-icon-list-items\">\n\t\t\t\t\t\t\t<li class=\"elementor-icon-list-item\">\n\t\t\t\t\t\t\t\t\t\t\t<a href=\"https:\/\/intranet.grenoble-inp.fr\/pilotage\/la-strategie\/violences-sexistes-et-sexuelles-sensibilisons-nous\">\n\n\t\t\t\t\t\t\t\t\t\t\t\t<span class=\"elementor-icon-list-icon\">\n\t\t\t\t\t\t\t<svg aria-hidden=\"true\" class=\"e-font-icon-svg e-fas-arrow-alt-circle-right\" viewBox=\"0 0 512 512\" xmlns=\"http:\/\/www.w3.org\/2000\/svg\"><path d=\"M256 8c137 0 248 111 248 248S393 504 256 504 8 393 8 256 119 8 256 8zM140 300h116v70.9c0 10.7 13 16.1 20.5 8.5l114.3-114.9c4.7-4.7 4.7-12.2 0-16.9l-114.3-115c-7.6-7.6-20.5-2.2-20.5 8.5V212H140c-6.6 0-12 5.4-12 12v64c0 6.6 5.4 12 12 12z\"><\/path><\/svg>\t\t\t\t\t\t<\/span>\n\t\t\t\t\t\t\t\t\t\t<span class=\"elementor-icon-list-text\">Lien d'Inscription<\/span>\n\t\t\t\t\t\t\t\t\t\t\t<\/a>\n\t\t\t\t\t\t\t\t\t<\/li>\n\t\t\t\t\t\t<\/ul>\n\t\t\t\t\t\t<\/div>\n\t\t\t\t<\/div>\n\t\t\t\t<\/div>\n\t\t\t\t\t<\/div>\n\t\t\t\t<\/div>\n\t\t\t\t<\/div>\n\t\t","protected":false},"excerpt":{"rendered":"<p>Une sensibilisation aux violences sexistes et sexuelles est propos\u00e9e \u00e0 l&rsquo;ensemble du laboratoire, en commun avec l&rsquo;UGA, le\u00a010 f\u00e9vrier prochain de 14h \u00e0 16h\u00a0dans l&rsquo;amphi Z108 \u00e0 Grenoble INP &#8211; Phelma. Elle sera anim\u00e9e par Sylvie Cromer, enseignante-chercheuse \u00e9m\u00e9rite et sp\u00e9cialiste des VSS (violences sexistes et sexuelles) dans l&rsquo;enseignement sup\u00e9rieur et la recherche et directrice [&hellip;]<\/p>\n","protected":false},"author":2,"featured_media":12289,"comment_status":"closed","ping_status":"open","sticky":false,"template":"","format":"standard","meta":{"rs_blank_template":"","rs_page_bg_color":"","slide_template_v7":"","footnotes":""},"categories":[77],"tags":[],"class_list":["post-12288","post","type-post","status-publish","format-standard","has-post-thumbnail","hentry","category-interne"],"lang":"fr","translations":{"fr":12288},"pll_sync_post":[],"_links":{"self":[{"href":"https:\/\/intra-dev-2.excellis.org\/index.php?rest_route=\/wp\/v2\/posts\/12288","targetHints":{"allow":["GET"]}}],"collection":[{"href":"https:\/\/intra-dev-2.excellis.org\/index.php?rest_route=\/wp\/v2\/posts"}],"about":[{"href":"https:\/\/intra-dev-2.excellis.org\/index.php?rest_route=\/wp\/v2\/types\/post"}],"author":[{"embeddable":true,"href":"https:\/\/intra-dev-2.excellis.org\/index.php?rest_route=\/wp\/v2\/users\/2"}],"replies":[{"embeddable":true,"href":"https:\/\/intra-dev-2.excellis.org\/index.php?rest_route=%2Fwp%2Fv2%2Fcomments&post=12288"}],"version-history":[{"count":4,"href":"https:\/\/intra-dev-2.excellis.org\/index.php?rest_route=\/wp\/v2\/posts\/12288\/revisions"}],"predecessor-version":[{"id":12294,"href":"https:\/\/intra-dev-2.excellis.org\/index.php?rest_route=\/wp\/v2\/posts\/12288\/revisions\/12294"}],"wp:featuredmedia":[{"embeddable":true,"href":"https:\/\/intra-dev-2.excellis.org\/index.php?rest_route=\/wp\/v2\/media\/12289"}],"wp:attachment":[{"href":"https:\/\/intra-dev-2.excellis.org\/index.php?rest_route=%2Fwp%2Fv2%2Fmedia&parent=12288"}],"wp:term":[{"taxonomy":"category","embeddable":true,"href":"https:\/\/intra-dev-2.excellis.org\/index.php?rest_route=%2Fwp%2Fv2%2Fcategories&post=12288"},{"taxonomy":"post_tag","embeddable":true,"href":"https:\/\/intra-dev-2.excellis.org\/index.php?rest_route=%2Fwp%2Fv2%2Ftags&post=12288"}],"curies":[{"name":"wp","href":"https:\/\/api.w.org\/{rel}","templated":true}]}}