{"id":13670,"date":"2026-01-28T13:43:00","date_gmt":"2026-01-28T12:43:00","guid":{"rendered":"https:\/\/intra-dev-2.excellis.org\/?p=13670"},"modified":"2026-02-24T16:40:05","modified_gmt":"2026-02-24T15:40:05","slug":"la-chaire-twinhy-a-la-une","status":"publish","type":"post","link":"https:\/\/intra-dev-2.excellis.org\/?p=13670","title":{"rendered":"La Chaire TwinHy \u00e0 la Une !"},"content":{"rendered":"\t\t<div data-elementor-type=\"wp-post\" data-elementor-id=\"13670\" class=\"elementor elementor-13670\" data-elementor-post-type=\"post\">\n\t\t\t\t<div class=\"elementor-element elementor-element-76ea68cd e-flex e-con-boxed e-con e-parent\" data-id=\"76ea68cd\" data-element_type=\"container\" data-e-type=\"container\">\n\t\t\t\t\t<div class=\"e-con-inner\">\n\t\t\t\t<div class=\"elementor-element elementor-element-2159b30c elementor-widget elementor-widget-text-editor\" data-id=\"2159b30c\" data-element_type=\"widget\" data-e-type=\"widget\" data-widget_type=\"text-editor.default\">\n\t\t\t\t\t\t\t\t\t<p data-start=\"2386\" data-end=\"2803\">Inaugur\u00e9e fin janvier 2026, la chaire d&rsquo;excellence industrielle TwinHy initi\u00e9e par la Fondation Grenoble INP en partenariat avec EDF, vise \u00e0 am\u00e9liorer la maintenance et l\u2019exploitation des installations hydro\u00e9lectriques.<br \/>Dans un article du\u00a0<a class=\"ext\" title=\"Article Dauphine lib\u00e9r\u00e9 (s'ouvre dans une nouvelle fen\u00eatre)\" href=\"https:\/\/www.ledauphine.com\/education\/2026\/01\/25\/chaire-twinhy-la-recherche-au-service-de-l-energie-hydraulique\" target=\"_blank\" rel=\"noopener noreferrer\" data-extlink=\"\">Dauphin\u00e9 Lib\u00e9r\u00e9<\/a>, Gildas Besan\u00e7on, titulaire de la Chaire TwinHy, chercheur au sein du laboratoire GIPSA-lab et professeur \u00e0 Grenoble INP &#8211; Ense\u00b3 UGA, d\u00e9crit les objectifs des travaux qui seront men\u00e9s au sein de cette chaire :<\/p>\t\t\t\t\t\t\t\t<\/div>\n\t\t\t\t<div class=\"elementor-element elementor-element-b4bb0b5 elementor-widget elementor-widget-ova_list_checked\" data-id=\"b4bb0b5\" data-element_type=\"widget\" data-e-type=\"widget\" data-widget_type=\"ova_list_checked.default\">\n\t\t\t\t<div class=\"elementor-widget-container\">\n\t\t\t\t\t\t\t\n\t\t<div class=\"ova_list_checked\" >\n\t\t\t\t\t\t\t<ul>\n\t\t\t\t\t\t\t\t\t<li class=\"item\">\n\t\t\t\t\t\t<i data-feather=\"check-circle\"><\/i>\n\t\t\t\t\t\t<span>Anticiper et optimiser la maintenance des ouvrages hydro\u00e9lectriques<\/span>\n\t\t\t\t\t<\/li>\n\t\t\t\t\t\t\t\t\t<li class=\"item\">\n\t\t\t\t\t\t<i data-feather=\"check-circle\"><\/i>\n\t\t\t\t\t\t<span>D\u00e9velopper des jumeaux num\u00e9riques, \u201cclones virtuels\u201d d\u2019ouvrages existants<\/span>\n\t\t\t\t\t<\/li>\n\t\t\t\t\t\t\t\t\t<li class=\"item\">\n\t\t\t\t\t\t<i data-feather=\"check-circle\"><\/i>\n\t\t\t\t\t\t<span>Mieux comprendre le fonctionnement des ouvrages et d\u00e9tecter d\u2019\u00e9ventuelles anomalies<\/span>\n\t\t\t\t\t<\/li>\n\t\t\t\t\t\t\t\t<\/ul>\n\t\t\t\n\t\t<\/div>\n\n\t\t\t\t\t\t<\/div>\n\t\t\t\t<\/div>\n\t\t\t\t<div class=\"elementor-element elementor-element-c446341 elementor-widget elementor-widget-text-editor\" data-id=\"c446341\" data-element_type=\"widget\" data-e-type=\"widget\" data-widget_type=\"text-editor.default\">\n\t\t\t\t\t\t\t\t\t<div class=\"actu-default defaut\"><div class=\"grid-x grid-margin-x\"><div class=\"cell medium-7 large-9 zonetxt\"><div class=\"actu__body\"><section class=\"block block-layout-builder block-field-blocknodeactualitebody\"><div class=\"body field field-node--body field-name-body field-type-text-with-summary field-label-hidden\"><div class=\"field-items\"><div class=\"field-item\"><p>Cr\u00e9dit photo : Fondation Grenoble INP \u2013 Pierre Jayet<\/p><\/div><\/div><\/div><\/section><\/div><\/div><\/div><\/div>\t\t\t\t\t\t\t\t<\/div>\n\t\t\t\t\t<\/div>\n\t\t\t\t<\/div>\n\t\t\t\t<\/div>\n\t\t","protected":false},"excerpt":{"rendered":"<p>Inaugur\u00e9e fin janvier 2026, la chaire d&rsquo;excellence industrielle TwinHy initi\u00e9e par la Fondation Grenoble INP en partenariat avec EDF, vise \u00e0 am\u00e9liorer la maintenance et l\u2019exploitation des installations hydro\u00e9lectriques.Dans un article du\u00a0Dauphin\u00e9 Lib\u00e9r\u00e9, Gildas Besan\u00e7on, titulaire de la Chaire TwinHy, chercheur au sein du laboratoire GIPSA-lab et professeur \u00e0 Grenoble INP &#8211; Ense\u00b3 UGA, d\u00e9crit [&hellip;]<\/p>\n","protected":false},"author":2,"featured_media":13673,"comment_status":"closed","ping_status":"open","sticky":false,"template":"","format":"standard","meta":{"rs_blank_template":"","rs_page_bg_color":"","slide_template_v7":"","footnotes":""},"categories":[72,78],"tags":[],"class_list":["post-13670","post","type-post","status-publish","format-standard","has-post-thumbnail","hentry","category-actualite","category-on_parle_de_nous"],"lang":"fr","translations":{"fr":13670},"pll_sync_post":[],"_links":{"self":[{"href":"https:\/\/intra-dev-2.excellis.org\/index.php?rest_route=\/wp\/v2\/posts\/13670","targetHints":{"allow":["GET"]}}],"collection":[{"href":"https:\/\/intra-dev-2.excellis.org\/index.php?rest_route=\/wp\/v2\/posts"}],"about":[{"href":"https:\/\/intra-dev-2.excellis.org\/index.php?rest_route=\/wp\/v2\/types\/post"}],"author":[{"embeddable":true,"href":"https:\/\/intra-dev-2.excellis.org\/index.php?rest_route=\/wp\/v2\/users\/2"}],"replies":[{"embeddable":true,"href":"https:\/\/intra-dev-2.excellis.org\/index.php?rest_route=%2Fwp%2Fv2%2Fcomments&post=13670"}],"version-history":[{"count":7,"href":"https:\/\/intra-dev-2.excellis.org\/index.php?rest_route=\/wp\/v2\/posts\/13670\/revisions"}],"predecessor-version":[{"id":13870,"href":"https:\/\/intra-dev-2.excellis.org\/index.php?rest_route=\/wp\/v2\/posts\/13670\/revisions\/13870"}],"wp:featuredmedia":[{"embeddable":true,"href":"https:\/\/intra-dev-2.excellis.org\/index.php?rest_route=\/wp\/v2\/media\/13673"}],"wp:attachment":[{"href":"https:\/\/intra-dev-2.excellis.org\/index.php?rest_route=%2Fwp%2Fv2%2Fmedia&parent=13670"}],"wp:term":[{"taxonomy":"category","embeddable":true,"href":"https:\/\/intra-dev-2.excellis.org\/index.php?rest_route=%2Fwp%2Fv2%2Fcategories&post=13670"},{"taxonomy":"post_tag","embeddable":true,"href":"https:\/\/intra-dev-2.excellis.org\/index.php?rest_route=%2Fwp%2Fv2%2Ftags&post=13670"}],"curies":[{"name":"wp","href":"https:\/\/api.w.org\/{rel}","templated":true}]}}