{"id":13695,"date":"2025-02-07T11:16:45","date_gmt":"2025-02-07T10:16:45","guid":{"rendered":"https:\/\/intra-dev-2.excellis.org\/?p=13695"},"modified":"2026-02-18T11:57:01","modified_gmt":"2026-02-18T10:57:01","slug":"le-gipsa-lab-au-techfest-2025","status":"publish","type":"post","link":"https:\/\/intra-dev-2.excellis.org\/?p=13695","title":{"rendered":"Le GIPSA-lab au Tech&amp;Fest 2025"},"content":{"rendered":"\t\t<div data-elementor-type=\"wp-post\" data-elementor-id=\"13695\" class=\"elementor elementor-13695\" data-elementor-post-type=\"post\">\n\t\t\t\t<div class=\"elementor-element elementor-element-4e8b8546 e-flex e-con-boxed e-con e-parent\" data-id=\"4e8b8546\" data-element_type=\"container\" data-e-type=\"container\">\n\t\t\t\t\t<div class=\"e-con-inner\">\n\t\t\t\t<div class=\"elementor-element elementor-element-4ddc542a elementor-widget elementor-widget-text-editor\" data-id=\"4ddc542a\" data-element_type=\"widget\" data-e-type=\"widget\" data-widget_type=\"text-editor.default\">\n\t\t\t\t\t\t\t\t\t<p data-start=\"2386\" data-end=\"2803\">Le GIPSA-lab \u00e9tait pr\u00e9sent lors de l&rsquo;\u00e9dition 2025 du Tech&amp;Fest, les 5 et 6 f\u00e9vrier :<\/p><p><span class=\"break-words tvm-parent-container\" dir=\"ltr\">Au village des projets des laboratoires Grenoble Alpes du<\/span> <a class=\"CQQIoigTNjZggqjzffxuaJIOPtoBFBVeCw ext\" title=\"(s'ouvre dans une nouvelle fen\u00eatre)\" href=\"https:\/\/www.linkedin.com\/company\/iforum-innovation-by-grenoble-alpes\/\" target=\"_self\" rel=\"noopener noreferrer\" data-test-app-aware-link=\"\" data-extlink=\"\"><span class=\"break-words tvm-parent-container\" dir=\"ltr\">iForum, innovation by Grenoble Alpes<\/span><\/a><span class=\"break-words tvm-parent-container\" dir=\"ltr\">, avec <strong>VIICAD (Virtual Immersive Interaction for Complex Analysis and Decision)<\/strong><\/span><\/p><p data-start=\"2386\" data-end=\"2803\"><span class=\"break-words tvm-parent-container\" dir=\"ltr\">Sur le stand du PUI Grenoble Alpes (<\/span><a class=\"CQQIoigTNjZggqjzffxuaJIOPtoBFBVeCw ext\" title=\"(s'ouvre dans une nouvelle fen\u00eatre)\" href=\"https:\/\/www.linkedin.com\/company\/universit%C3%A9-grenoble-alpes\/\" target=\"_self\" rel=\"noopener noreferrer\" data-test-app-aware-link=\"\" data-extlink=\"\"><span class=\"break-words tvm-parent-container\" dir=\"ltr\">Universit\u00e9 Grenoble Alpes<\/span><\/a><span class=\"break-words tvm-parent-container\" dir=\"ltr\">) pour pr\u00e9senter la plateforme \ud835\udc0c\ud835\udc08\ud835\udc11\ud835\udc00 (\ud835\udc0c\ud835\udc2e\ud835\udc25\ud835\udc2d\ud835\udc22-\ud835\udc1c\ud835\udc1a\ud835\udc26\ud835\udc1e\ud835\udc2b\ud835\udc1a \ud835\udc08\ud835\udc26\ud835\udc1a\ud835\udc20\ud835\udc22\ud835\udc27\ud835\udc20 \ud835\udc11\ud835\udc1e\ud835\udc2c\ud835\udc1e\ud835\udc1a\ud835\udc2b\ud835\udc1c\ud835\udc21 \ud835\udc1f\ud835\udc28\ud835\udc2b \ud835\udc00\ud835\udc1c\ud835\udc2a\ud835\udc2e\ud835\udc22\ud835\udc2c\ud835\udc22\ud835\udc2d\ud835\udc22\ud835\udc28\ud835\udc27)<\/span><\/p><p data-start=\"2386\" data-end=\"2803\"><span class=\"break-words tvm-parent-container\" dir=\"ltr\">Sur les stands du <a class=\"CQQIoigTNjZggqjzffxuaJIOPtoBFBVeCw ext\" title=\"(s'ouvre dans une nouvelle fen\u00eatre)\" href=\"https:\/\/www.linkedin.com\/company\/cnrs\/\" target=\"_self\" rel=\"noopener noreferrer\" data-test-app-aware-link=\"\" data-extlink=\"\">CNRS<\/a> (<a class=\"CQQIoigTNjZggqjzffxuaJIOPtoBFBVeCw ext\" title=\"(s'ouvre dans une nouvelle fen\u00eatre)\" href=\"https:\/\/www.linkedin.com\/company\/cnrs-alpes\/\" target=\"_self\" rel=\"noopener noreferrer\" data-test-app-aware-link=\"\" data-extlink=\"\">CNRS Alpes<\/a>) pour faire d\u00e9couvrir plusieurs projets et plateformes innovants port\u00e9s par le GIPSA-lab et ses partenaires :<\/span><\/p>\t\t\t\t\t\t\t\t<\/div>\n\t\t<div class=\"elementor-element elementor-element-487f4e1 e-con-full e-flex e-con e-child\" data-id=\"487f4e1\" data-element_type=\"container\" data-e-type=\"container\">\n\t\t<div class=\"elementor-element elementor-element-500928c e-con-full e-flex e-con e-child\" data-id=\"500928c\" data-element_type=\"container\" data-e-type=\"container\">\n\t\t\t\t<div class=\"elementor-element elementor-element-f1ec194 elementor-widget elementor-widget-ova_list_checked\" data-id=\"f1ec194\" data-element_type=\"widget\" data-e-type=\"widget\" data-widget_type=\"ova_list_checked.default\">\n\t\t\t\t<div class=\"elementor-widget-container\">\n\t\t\t\t\t\t\t\n\t\t<div class=\"ova_list_checked\" >\n\t\t\t\t\t\t\t<ul>\n\t\t\t\t\t\t\t\t\t<li class=\"item\">\n\t\t\t\t\t\t<i data-feather=\"check-circle\"><\/i>\n\t\t\t\t\t\t<span>\ud835\udc1e\ud835\udc0c\ud835\udc28\ud835\udc1b\ud835\udc13\ud835\udc30\ud835\udc22\ud835\udc27 : le jumeau num\u00e9rique d\u00e9di\u00e9 \u00e0 la mobilit\u00e9 \u00e9lectrique, qui combine la mod\u00e9lisation des v\u00e9hicules \u00e9lectriques avec des simulations \u00e9nerg\u00e9tiques avanc\u00e9es pour anticiper et optimiser l\u2019avenir de la mobilit\u00e9 \u00e9lectrique et son int\u00e9gration globale.<\/span>\n\t\t\t\t\t<\/li>\n\t\t\t\t\t\t\t\t<\/ul>\n\t\t\t\n\t\t<\/div>\n\n\t\t\t\t\t\t<\/div>\n\t\t\t\t<\/div>\n\t\t\t\t<\/div>\n\t\t<div class=\"elementor-element elementor-element-db9cb34 e-con-full e-flex e-con e-child\" data-id=\"db9cb34\" data-element_type=\"container\" data-e-type=\"container\">\n\t\t\t\t<div class=\"elementor-element elementor-element-19dfa24 elementor-widget elementor-widget-image\" data-id=\"19dfa24\" data-element_type=\"widget\" data-e-type=\"widget\" data-widget_type=\"image.default\">\n\t\t\t\t\t\t\t\t\t\t\t\t\t\t\t<img fetchpriority=\"high\" decoding=\"async\" width=\"480\" height=\"361\" src=\"https:\/\/intra-dev-2.excellis.org\/wp-content\/uploads\/2025\/02\/2_ACTU_Photo_TechAndFest.jpg\" class=\"attachment-large size-large wp-image-13702\" alt=\"\" srcset=\"https:\/\/intra-dev-2.excellis.org\/wp-content\/uploads\/2025\/02\/2_ACTU_Photo_TechAndFest.jpg 480w, https:\/\/intra-dev-2.excellis.org\/wp-content\/uploads\/2025\/02\/2_ACTU_Photo_TechAndFest-300x226.jpg 300w\" sizes=\"(max-width: 480px) 100vw, 480px\" \/>\t\t\t\t\t\t\t\t\t\t\t\t\t\t\t<\/div>\n\t\t\t\t<\/div>\n\t\t\t\t<\/div>\n\t\t<div class=\"elementor-element elementor-element-2ce0aef8 e-con-full e-flex e-con e-child\" data-id=\"2ce0aef8\" data-element_type=\"container\" data-e-type=\"container\">\n\t\t\t\t<div class=\"elementor-element elementor-element-04fdffc elementor-widget elementor-widget-ova_list_checked\" data-id=\"04fdffc\" data-element_type=\"widget\" data-e-type=\"widget\" data-widget_type=\"ova_list_checked.default\">\n\t\t\t\t<div class=\"elementor-widget-container\">\n\t\t\t\t\t\t\t\n\t\t<div class=\"ova_list_checked\" >\n\t\t\t\t\t\t\t<ul>\n\t\t\t\t\t\t\t\t\t<li class=\"item\">\n\t\t\t\t\t\t<i data-feather=\"check-circle\"><\/i>\n\t\t\t\t\t\t<span>\ud835\udc11\ud835\udc28\ud835\udc1b\ud835\udc28\ud835\udc2d\ud835\udc1e\ud835\udc31 \ud835\udfd0.\ud835\udfce : l\u2019infrastructure coordonn\u00e9e des plateformes de robotique en France, qui ressemble plus de 1 000 chercheurs dans 32 laboratoires. T\ud835\udc1a\ud835\udc1b\ud835\udc25\ud835\udc1e \ud835\udc2b\ud835\udc28\ud835\udc27\ud835\udc1d\ud835\udc1e anim\u00e9e par Fr\u00e9d\u00e9ric HELIN de Coboteam Auvergne-Rh\u00f4ne-Alpes : \u00ab \ud835\udc77\ud835\udc82\ud835\udc93\ud835\udc95\ud835\udc86\ud835\udc8f\ud835\udc82\ud835\udc93\ud835\udc8a\ud835\udc82\ud835\udc95\ud835\udc94 \ud835\udc91\ud835\udc96\ud835\udc83\ud835\udc8d\ud835\udc8a\ud835\udc84-\ud835\udc91\ud835\udc93\ud835\udc8a\ud835\udc97\ud835\udc86\u0301 \ud835\udc86\ud835\udc8f \ud835\udc93\ud835\udc90\ud835\udc83\ud835\udc90\ud835\udc95\ud835\udc8a\ud835\udc92\ud835\udc96\ud835\udc86 : \ud835\udc90\ud835\udc91\ud835\udc91\ud835\udc90\ud835\udc93\ud835\udc95\ud835\udc96\ud835\udc8f\ud835\udc8a\ud835\udc95\ud835\udc86\u0301\ud835\udc94 \ud835\udc86\ud835\udc95 \ud835\udc91\ud835\udc86\ud835\udc93\ud835\udc94\ud835\udc91\ud835\udc86\ud835\udc84\ud835\udc95\ud835\udc8a\ud835\udc97\ud835\udc86\ud835\udc94 \ud835\udc90\ud835\udc87\ud835\udc87\ud835\udc86\ud835\udc93\ud835\udc95\ud835\udc86\ud835\udc94 \ud835\udc91\ud835\udc82\ud835\udc93 \ud835\udc8d\u2019\ud835\udc8a\ud835\udc8f\ud835\udc87\ud835\udc93\ud835\udc82\ud835\udc94\ud835\udc95\ud835\udc93\ud835\udc96\ud835\udc84\ud835\udc95\ud835\udc96\ud835\udc93\ud835\udc86 \ud835\udc8f\ud835\udc82\ud835\udc95\ud835\udc8a\ud835\udc90\ud835\udc8f\ud835\udc82\ud835\udc8d\ud835\udc86 \ud835\udc8e\ud835\udc96\ud835\udc95\ud835\udc96\ud835\udc82\ud835\udc8d\ud835\udc8a\ud835\udc94\ud835\udc86\u0301\ud835\udc86 \ud835\udc79\ud835\udc90\ud835\udc83\ud835\udc90\ud835\udc95\ud835\udc86\ud835\udc99 2.0 \u00bb, avec les t\u00e9moignages de Brice Varini (Responsable Inno&#039;Lab Grenoble Atos TS) et Garrett Smith (CTO de Wind-Fisher) sur la recherche partenariale en robotique.<\/span>\n\t\t\t\t\t<\/li>\n\t\t\t\t\t\t\t\t\t<li class=\"item\">\n\t\t\t\t\t\t<i data-feather=\"check-circle\"><\/i>\n\t\t\t\t\t\t<span>\ud835\udc01\ud835\udc08\ud835\udc0e\ud835\udc0c\ud835\udc04\ud835\udc02\ud835\udc00 : d\u00e9veloppement d&#039;outils, m\u00e9thodes, protocoles d&#039;analyse et \u00e9valuation de l&#039;homme en mouvement au service de la sant\u00e9, du sport, de l&#039;ergonomie industrielle (technologies de r\u00e9alit\u00e9 virtuelle et augment\u00e9e combin\u00e9es \u00e0 des outils d\u2019analyse biom\u00e9canique) avec une exp\u00e9rience immersive en d\u00e9monstration : \u00ab \ud835\udc79\ud835\udc86\u0301\ud835\udc82\ud835\udc8d\ud835\udc8a\ud835\udc95\ud835\udc86\u0301 \ud835\udc7d\ud835\udc8a\ud835\udc93\ud835\udc95\ud835\udc96\ud835\udc86\ud835\udc8d\ud835\udc8d\ud835\udc86 \ud835\udc86\ud835\udc95 \ud835\udc68\ud835\udc96\ud835\udc88\ud835\udc8e\ud835\udc86\ud835\udc8f\ud835\udc95\ud835\udc86\u0301\ud835\udc86 \ud835\udc91\ud835\udc90\ud835\udc96\ud835\udc93 \ud835\udc86\ud835\udc99\ud835\udc91\ud835\udc8d\ud835\udc90\ud835\udc93\ud835\udc86\ud835\udc93 \ud835\udc8d\ud835\udc82 \ud835\udc8e\ud835\udc90\ud835\udc95\ud835\udc93\ud835\udc8a\ud835\udc84\ud835\udc8a\ud835\udc95\ud835\udc86\u0301 \ud835\udc89\ud835\udc96\ud835\udc8e\ud835\udc82\ud835\udc8a\ud835\udc8f\ud835\udc86 \u00bb, illustrant une partie des activit\u00e9s de la plateforme BIOMECA dans les domaines de la sant\u00e9, du sport et de l\u2019ergonomie industrielle.<\/span>\n\t\t\t\t\t<\/li>\n\t\t\t\t\t\t\t\t\t<li class=\"item\">\n\t\t\t\t\t\t<i data-feather=\"check-circle\"><\/i>\n\t\t\t\t\t\t<span>\ud835\udc0c\ud835\udc08\ud835\udc11\ud835\udc00 : plateforme d\u2019imagerie multi-capteurs qui int\u00e8gre divers types de cam\u00e9ras avec des algorithmes avanc\u00e9s de traitement et de fusion d\u2019images multimodaux, permettant une vision industrielle enrichie qui d\u00e9passe les capacit\u00e9s d\u2019un seul capteur.<\/span>\n\t\t\t\t\t<\/li>\n\t\t\t\t\t\t\t\t<\/ul>\n\t\t\t\n\t\t<\/div>\n\n\t\t\t\t\t\t<\/div>\n\t\t\t\t<\/div>\n\t\t\t\t<\/div>\n\t\t<div class=\"elementor-element elementor-element-5c4c0c41 e-con-full e-flex e-con e-child\" data-id=\"5c4c0c41\" data-element_type=\"container\" data-e-type=\"container\">\n\t\t<div class=\"elementor-element elementor-element-13e962fa e-con-full e-flex e-con e-child\" data-id=\"13e962fa\" data-element_type=\"container\" data-e-type=\"container\">\n\t\t\t\t<div class=\"elementor-element elementor-element-17a31196 elementor-widget elementor-widget-heading\" data-id=\"17a31196\" data-element_type=\"widget\" data-e-type=\"widget\" data-widget_type=\"heading.default\">\n\t\t\t\t\t<h5 class=\"elementor-heading-title elementor-size-default\">En savoir plus sur :<\/h5>\t\t\t\t<\/div>\n\t\t\t\t<\/div>\n\t\t<div class=\"elementor-element elementor-element-20cafbfd e-con-full e-flex e-con e-child\" data-id=\"20cafbfd\" data-element_type=\"container\" data-e-type=\"container\">\n\t\t\t\t<div class=\"elementor-element elementor-element-6061d744 elementor-icon-list--layout-traditional elementor-list-item-link-full_width elementor-widget elementor-widget-icon-list\" data-id=\"6061d744\" data-element_type=\"widget\" data-e-type=\"widget\" data-widget_type=\"icon-list.default\">\n\t\t\t\t\t\t\t<ul class=\"elementor-icon-list-items\">\n\t\t\t\t\t\t\t<li class=\"elementor-icon-list-item\">\n\t\t\t\t\t\t\t\t\t\t\t<a href=\"https:\/\/ieeexplore.ieee.org\/stamp\/stamp.jsp?arnumber=10186381\">\n\n\t\t\t\t\t\t\t\t\t\t\t\t<span class=\"elementor-icon-list-icon\">\n\t\t\t\t\t\t\t<svg aria-hidden=\"true\" class=\"e-font-icon-svg e-fas-arrow-alt-circle-right\" viewBox=\"0 0 512 512\" xmlns=\"http:\/\/www.w3.org\/2000\/svg\"><path d=\"M256 8c137 0 248 111 248 248S393 504 256 504 8 393 8 256 119 8 256 8zM140 300h116v70.9c0 10.7 13 16.1 20.5 8.5l114.3-114.9c4.7-4.7 4.7-12.2 0-16.9l-114.3-115c-7.6-7.6-20.5-2.2-20.5 8.5V212H140c-6.6 0-12 5.4-12 12v64c0 6.6 5.4 12 12 12z\"><\/path><\/svg>\t\t\t\t\t\t<\/span>\n\t\t\t\t\t\t\t\t\t\t<span class=\"elementor-icon-list-text\">Sur le programmeTech&amp;Fest 2025<\/span>\n\t\t\t\t\t\t\t\t\t\t\t<\/a>\n\t\t\t\t\t\t\t\t\t<\/li>\n\t\t\t\t\t\t\t\t<li class=\"elementor-icon-list-item\">\n\t\t\t\t\t\t\t\t\t\t\t<a href=\"https:\/\/intranet.gipsa-lab.grenoble-inp.fr\/user\/renato.vizuete\">\n\n\t\t\t\t\t\t\t\t\t\t\t\t<span class=\"elementor-icon-list-icon\">\n\t\t\t\t\t\t\t<svg aria-hidden=\"true\" class=\"e-font-icon-svg e-fas-arrow-alt-circle-right\" viewBox=\"0 0 512 512\" xmlns=\"http:\/\/www.w3.org\/2000\/svg\"><path d=\"M256 8c137 0 248 111 248 248S393 504 256 504 8 393 8 256 119 8 256 8zM140 300h116v70.9c0 10.7 13 16.1 20.5 8.5l114.3-114.9c4.7-4.7 4.7-12.2 0-16.9l-114.3-115c-7.6-7.6-20.5-2.2-20.5 8.5V212H140c-6.6 0-12 5.4-12 12v64c0 6.6 5.4 12 12 12z\"><\/path><\/svg>\t\t\t\t\t\t<\/span>\n\t\t\t\t\t\t\t\t\t\t<span class=\"elementor-icon-list-text\">Sur la participation du CNRS<\/span>\n\t\t\t\t\t\t\t\t\t\t\t<\/a>\n\t\t\t\t\t\t\t\t\t<\/li>\n\t\t\t\t\t\t<\/ul>\n\t\t\t\t\t\t<\/div>\n\t\t\t\t<\/div>\n\t\t\t\t<\/div>\n\t\t\t\t<div class=\"elementor-element elementor-element-23e33f2c elementor-widget elementor-widget-html\" data-id=\"23e33f2c\" data-element_type=\"widget\" data-e-type=\"widget\" data-widget_type=\"html.default\">\n\t\t\t\t\t<div style=\"border-top: 1px solid #eee; padding-top: 15px; margin-top: 20px; font-family: Arial, sans-serif; font-size: 14px; color: #666;\">\r\n    <div style=\"display: flex; align-items: center; margin-bottom: 5px;\">\r\n        <span style=\"margin-right: 10px; font-weight: bold;\">\ud83c\udff7\ufe0f TAGGU\u00c9 :<\/span>\r\n        <span>Recherche, Projets, International, Financement<\/span>\r\n    <\/div>\r\n    <div style=\"display: flex; align-items: center; margin-bottom: 5px;\">\r\n        <span style=\"margin-right: 10px; font-weight: bold;\">\ud83d\udce7 SOURCES :<\/span>\r\n        <span>cnrs.fr, univ-grenoble-alpes.fr<\/span>\r\n    <\/div>\r\n   <\/div>\r\n\t\t\t\t<\/div>\n\t\t<div class=\"elementor-element elementor-element-f870ad0 e-con-full e-flex e-con e-child\" data-id=\"f870ad0\" data-element_type=\"container\" data-e-type=\"container\">\n\t\t\t\t<\/div>\n\t\t\t\t\t<\/div>\n\t\t\t\t<\/div>\n\t\t\t\t<\/div>\n\t\t","protected":false},"excerpt":{"rendered":"<p>Le GIPSA-lab \u00e9tait pr\u00e9sent lors de l&rsquo;\u00e9dition 2025 du Tech&amp;Fest, les 5 et 6 f\u00e9vrier : Au village des projets des laboratoires Grenoble Alpes du iForum, innovation by Grenoble Alpes, avec VIICAD (Virtual Immersive Interaction for Complex Analysis and Decision) Sur le stand du PUI Grenoble Alpes (Universit\u00e9 Grenoble Alpes) pour pr\u00e9senter la plateforme \ud835\udc0c\ud835\udc08\ud835\udc11\ud835\udc00 [&hellip;]<\/p>\n","protected":false},"author":5,"featured_media":13694,"comment_status":"closed","ping_status":"open","sticky":false,"template":"","format":"standard","meta":{"rs_blank_template":"","rs_page_bg_color":"","slide_template_v7":"","footnotes":""},"categories":[73],"tags":[],"class_list":["post-13695","post","type-post","status-publish","format-standard","has-post-thumbnail","hentry","category-communique"],"lang":"fr","translations":{"fr":13695},"pll_sync_post":[],"_links":{"self":[{"href":"https:\/\/intra-dev-2.excellis.org\/index.php?rest_route=\/wp\/v2\/posts\/13695","targetHints":{"allow":["GET"]}}],"collection":[{"href":"https:\/\/intra-dev-2.excellis.org\/index.php?rest_route=\/wp\/v2\/posts"}],"about":[{"href":"https:\/\/intra-dev-2.excellis.org\/index.php?rest_route=\/wp\/v2\/types\/post"}],"author":[{"embeddable":true,"href":"https:\/\/intra-dev-2.excellis.org\/index.php?rest_route=\/wp\/v2\/users\/5"}],"replies":[{"embeddable":true,"href":"https:\/\/intra-dev-2.excellis.org\/index.php?rest_route=%2Fwp%2Fv2%2Fcomments&post=13695"}],"version-history":[{"count":7,"href":"https:\/\/intra-dev-2.excellis.org\/index.php?rest_route=\/wp\/v2\/posts\/13695\/revisions"}],"predecessor-version":[{"id":13705,"href":"https:\/\/intra-dev-2.excellis.org\/index.php?rest_route=\/wp\/v2\/posts\/13695\/revisions\/13705"}],"wp:featuredmedia":[{"embeddable":true,"href":"https:\/\/intra-dev-2.excellis.org\/index.php?rest_route=\/wp\/v2\/media\/13694"}],"wp:attachment":[{"href":"https:\/\/intra-dev-2.excellis.org\/index.php?rest_route=%2Fwp%2Fv2%2Fmedia&parent=13695"}],"wp:term":[{"taxonomy":"category","embeddable":true,"href":"https:\/\/intra-dev-2.excellis.org\/index.php?rest_route=%2Fwp%2Fv2%2Fcategories&post=13695"},{"taxonomy":"post_tag","embeddable":true,"href":"https:\/\/intra-dev-2.excellis.org\/index.php?rest_route=%2Fwp%2Fv2%2Ftags&post=13695"}],"curies":[{"name":"wp","href":"https:\/\/api.w.org\/{rel}","templated":true}]}}