{"id":13753,"date":"2025-04-01T15:57:14","date_gmt":"2025-04-01T13:57:14","guid":{"rendered":"https:\/\/intra-dev-2.excellis.org\/?p=13753"},"modified":"2026-02-23T16:33:23","modified_gmt":"2026-02-23T15:33:23","slug":"nature-culture-le-vegetal-sous-la-loupe-et-le-pinceau","status":"publish","type":"post","link":"https:\/\/intra-dev-2.excellis.org\/?p=13753","title":{"rendered":"Nature, Culture : Le v\u00e9g\u00e9tal sous la Loupe et le Pinceau !"},"content":{"rendered":"\t\t<div data-elementor-type=\"wp-post\" data-elementor-id=\"13753\" class=\"elementor elementor-13753\" data-elementor-post-type=\"post\">\n\t\t\t\t<div class=\"elementor-element elementor-element-35653605 e-flex e-con-boxed e-con e-parent\" data-id=\"35653605\" data-element_type=\"container\" data-e-type=\"container\">\n\t\t\t\t\t<div class=\"e-con-inner\">\n\t\t\t\t<div class=\"elementor-element elementor-element-2d6dc754 elementor-widget elementor-widget-text-editor\" data-id=\"2d6dc754\" data-element_type=\"widget\" data-e-type=\"widget\" data-widget_type=\"text-editor.default\">\n\t\t\t\t\t\t\t\t\t<p data-start=\"2386\" data-end=\"2803\">Si la Nature vous int\u00e9resse<strong>, du 7 au 10 avril<\/strong>, l\u2019Universit\u00e9 Grenoble Alpes propose plusieurs \u00e9v\u00e9nements autour de <strong>Nature, culture ! Le v\u00e9g\u00e9tal sous la loupe et le pinceau<\/strong>.<br \/>Dans ce cadre, une visite du Jardin dialectal sera effectu\u00e9e par C. Chauvin-Payan (GIPSA-lab) le <strong>jeudi 10 avril<\/strong> \u00e0 <strong>10h<\/strong>.<br \/>Rendez-vous \u00e0 10h au <strong>B\u00e2timent E Stendhal<\/strong> &#8211; Rue des universit\u00e9s &#8211; Campus de Saint-Martin-d&rsquo;H\u00e8res<br \/>Pour les inscriptions, c\u2019est ici : <a class=\"ext\" title=\"Billeterie UGA (s'ouvre dans une nouvelle fen\u00eatre)\" href=\"https:\/\/culture.univ-grenoble-alpes.fr\/menu-principal\/a-propos\/billetterie\/billetterie-grenoble\/billetterie-grenoble-674949.kjsp?RH=1589294440009\" target=\"_blank\" rel=\"noopener noreferrer\" data-extlink=\"\">Billeterie UGA<\/a><\/p>\t\t\t\t\t\t\t\t<\/div>\n\t\t\t\t<div class=\"elementor-element elementor-element-3c170547 elementor-widget elementor-widget-html\" data-id=\"3c170547\" data-element_type=\"widget\" data-e-type=\"widget\" data-widget_type=\"html.default\">\n\t\t\t\t\t<div style=\"border-top: 1px solid #eee; padding-top: 15px; margin-top: 20px; font-family: Arial, sans-serif; font-size: 14px; color: #666;\">\r\n    <div style=\"display: flex; align-items: center; margin-bottom: 5px;\">\r\n        <span style=\"margin-right: 10px; font-weight: bold;\">\ud83c\udff7\ufe0f TAGGU\u00c9 :<\/span>\r\n        <span>Recherche, Projets, International, Financement<\/span>\r\n    <\/div>\r\n    <div style=\"display: flex; align-items: center; margin-bottom: 5px;\">\r\n        <span style=\"margin-right: 10px; font-weight: bold;\">\ud83d\udce7 SOURCES :<\/span>\r\n        <span>cnrs.fr, univ-grenoble-alpes.fr<\/span>\r\n    <\/div>\r\n   <\/div>\r\n\t\t\t\t<\/div>\n\t\t\t\t\t<\/div>\n\t\t\t\t<\/div>\n\t\t\t\t<\/div>\n\t\t","protected":false},"excerpt":{"rendered":"<p>Si la Nature vous int\u00e9resse, du 7 au 10 avril, l\u2019Universit\u00e9 Grenoble Alpes propose plusieurs \u00e9v\u00e9nements autour de Nature, culture ! Le v\u00e9g\u00e9tal sous la loupe et le pinceau.Dans ce cadre, une visite du Jardin dialectal sera effectu\u00e9e par C. Chauvin-Payan (GIPSA-lab) le jeudi 10 avril \u00e0 10h.Rendez-vous \u00e0 10h au B\u00e2timent E Stendhal &#8211; [&hellip;]<\/p>\n","protected":false},"author":5,"featured_media":13814,"comment_status":"closed","ping_status":"open","sticky":false,"template":"","format":"standard","meta":{"rs_blank_template":"","rs_page_bg_color":"","slide_template_v7":"","footnotes":""},"categories":[72,75],"tags":[],"class_list":["post-13753","post","type-post","status-publish","format-standard","has-post-thumbnail","hentry","category-actualite","category-grand_public"],"lang":"fr","translations":{"fr":13753},"pll_sync_post":[],"_links":{"self":[{"href":"https:\/\/intra-dev-2.excellis.org\/index.php?rest_route=\/wp\/v2\/posts\/13753","targetHints":{"allow":["GET"]}}],"collection":[{"href":"https:\/\/intra-dev-2.excellis.org\/index.php?rest_route=\/wp\/v2\/posts"}],"about":[{"href":"https:\/\/intra-dev-2.excellis.org\/index.php?rest_route=\/wp\/v2\/types\/post"}],"author":[{"embeddable":true,"href":"https:\/\/intra-dev-2.excellis.org\/index.php?rest_route=\/wp\/v2\/users\/5"}],"replies":[{"embeddable":true,"href":"https:\/\/intra-dev-2.excellis.org\/index.php?rest_route=%2Fwp%2Fv2%2Fcomments&post=13753"}],"version-history":[{"count":4,"href":"https:\/\/intra-dev-2.excellis.org\/index.php?rest_route=\/wp\/v2\/posts\/13753\/revisions"}],"predecessor-version":[{"id":13818,"href":"https:\/\/intra-dev-2.excellis.org\/index.php?rest_route=\/wp\/v2\/posts\/13753\/revisions\/13818"}],"wp:featuredmedia":[{"embeddable":true,"href":"https:\/\/intra-dev-2.excellis.org\/index.php?rest_route=\/wp\/v2\/media\/13814"}],"wp:attachment":[{"href":"https:\/\/intra-dev-2.excellis.org\/index.php?rest_route=%2Fwp%2Fv2%2Fmedia&parent=13753"}],"wp:term":[{"taxonomy":"category","embeddable":true,"href":"https:\/\/intra-dev-2.excellis.org\/index.php?rest_route=%2Fwp%2Fv2%2Fcategories&post=13753"},{"taxonomy":"post_tag","embeddable":true,"href":"https:\/\/intra-dev-2.excellis.org\/index.php?rest_route=%2Fwp%2Fv2%2Ftags&post=13753"}],"curies":[{"name":"wp","href":"https:\/\/api.w.org\/{rel}","templated":true}]}}