{"id":13754,"date":"2025-04-17T15:59:22","date_gmt":"2025-04-17T13:59:22","guid":{"rendered":"https:\/\/intra-dev-2.excellis.org\/?p=13754"},"modified":"2026-02-18T16:07:32","modified_gmt":"2026-02-18T15:07:32","slug":"pizzatech-reconnaissance-de-la-parole","status":"publish","type":"post","link":"https:\/\/intra-dev-2.excellis.org\/?p=13754","title":{"rendered":"PizzaTech : Reconnaissance de la Parole"},"content":{"rendered":"\t\t<div data-elementor-type=\"wp-post\" data-elementor-id=\"13754\" class=\"elementor elementor-13754\" data-elementor-post-type=\"post\">\n\t\t\t\t<div class=\"elementor-element elementor-element-3fe71998 e-flex e-con-boxed e-con e-parent\" data-id=\"3fe71998\" data-element_type=\"container\" data-e-type=\"container\">\n\t\t\t\t\t<div class=\"e-con-inner\">\n\t\t\t\t<div class=\"elementor-element elementor-element-673209f5 elementor-widget elementor-widget-text-editor\" data-id=\"673209f5\" data-element_type=\"widget\" data-e-type=\"widget\" data-widget_type=\"text-editor.default\">\n\t\t\t\t\t\t\t\t\t<p data-start=\"2386\" data-end=\"2803\">La salle Jean-Marc Chassery accueillera le prochain <strong data-start=\"265\" data-end=\"279\">Pizza Tech <\/strong>organis\u00e9 par le service Transfert pour l&rsquo;Innovation et Partenariats de l&rsquo;INRIA. Au menu de ce <strong data-start=\"396\" data-end=\"419\">17 avril 2025<\/strong>, <strong data-start=\"608\" data-end=\"698\">\u00ab\u00a0La reconnaissance de la parole : entre applications constructives et enjeux \u00e9thiques\u00a0\u00bb<\/strong>.<\/p>\t\t\t\t\t\t\t\t<\/div>\n\t\t\t\t<div class=\"elementor-element elementor-element-79d90046 elementor-widget elementor-widget-text-editor\" data-id=\"79d90046\" data-element_type=\"widget\" data-e-type=\"widget\" data-widget_type=\"text-editor.default\">\n\t\t\t\t\t\t\t\t\t<p class=\"\" style=\"margin: 0px;\" data-start=\"725\" data-end=\"1025\">La reconnaissance de la parole est aujourd&rsquo;hui omnipr\u00e9sente, utilis\u00e9e dans des applications aussi diverses que l&rsquo;assistance \u00e0 la communication pour les personnes en situation de handicap ou la surveillance gouvernementale. Cette dualit\u00e9 soul\u00e8ve des questions cruciales pour les chercheurs en 2025 :<\/p><ul data-start=\"1027\" data-end=\"1193\"><li class=\"\" data-start=\"1027\" data-end=\"1110\"><p class=\"\" style=\"margin: 0px;\" data-start=\"1029\" data-end=\"1110\"><strong data-start=\"1029\" data-end=\"1108\">Comment garantir l&rsquo;\u00e9quit\u00e9 dans les mod\u00e8les de reconnaissance de la parole ?<\/strong><\/p><\/li><li class=\"\" data-start=\"1111\" data-end=\"1193\"><p class=\"\" style=\"margin: 0px;\" data-start=\"1113\" data-end=\"1193\"><strong data-start=\"1113\" data-end=\"1191\">Quelles sont les implications techniques et \u00e9thiques de ces technologies ?<\/strong><\/p><\/li><\/ul><p class=\"\" style=\"margin: 0px;\" data-start=\"1113\" data-end=\"1193\">Cette session explorera, sous l&rsquo;impulsion de <strong data-start=\"1420\" data-end=\"1450\">Felix Herron<\/strong> (doctorant au LIG), les ramifications potentielles de la reconnaissance de la parole et l&rsquo;importance de d\u00e9velopper des mod\u00e8les \u00e9quitables, tant sur le plan g\u00e9n\u00e9ral que technique.\u00a0<\/p><p>\u00a0<\/p>\t\t\t\t\t\t\t\t<\/div>\n\t\t<div class=\"elementor-element elementor-element-5f0b187d e-con-full e-flex e-con e-child\" data-id=\"5f0b187d\" data-element_type=\"container\" data-e-type=\"container\">\n\t\t<div class=\"elementor-element elementor-element-783e866d e-con-full e-flex e-con e-child\" data-id=\"783e866d\" data-element_type=\"container\" data-e-type=\"container\">\n\t\t\t\t<div class=\"elementor-element elementor-element-2c8f3cba elementor-widget elementor-widget-heading\" data-id=\"2c8f3cba\" data-element_type=\"widget\" data-e-type=\"widget\" data-widget_type=\"heading.default\">\n\t\t\t\t\t<h5 class=\"elementor-heading-title elementor-size-default\">Inscription :<\/h5>\t\t\t\t<\/div>\n\t\t\t\t<\/div>\n\t\t<div class=\"elementor-element elementor-element-605aa50d e-con-full e-flex e-con e-child\" data-id=\"605aa50d\" data-element_type=\"container\" data-e-type=\"container\">\n\t\t\t\t<div class=\"elementor-element elementor-element-31e681ea elementor-icon-list--layout-traditional elementor-list-item-link-full_width elementor-widget elementor-widget-icon-list\" data-id=\"31e681ea\" data-element_type=\"widget\" data-e-type=\"widget\" data-widget_type=\"icon-list.default\">\n\t\t\t\t\t\t\t<ul class=\"elementor-icon-list-items\">\n\t\t\t\t\t\t\t<li class=\"elementor-icon-list-item\">\n\t\t\t\t\t\t\t\t\t\t\t<a href=\"https:\/\/ieeexplore.ieee.org\/stamp\/stamp.jsp?arnumber=10186381\">\n\n\t\t\t\t\t\t\t\t\t\t\t\t<span class=\"elementor-icon-list-icon\">\n\t\t\t\t\t\t\t<svg aria-hidden=\"true\" class=\"e-font-icon-svg e-fas-arrow-alt-circle-right\" viewBox=\"0 0 512 512\" xmlns=\"http:\/\/www.w3.org\/2000\/svg\"><path d=\"M256 8c137 0 248 111 248 248S393 504 256 504 8 393 8 256 119 8 256 8zM140 300h116v70.9c0 10.7 13 16.1 20.5 8.5l114.3-114.9c4.7-4.7 4.7-12.2 0-16.9l-114.3-115c-7.6-7.6-20.5-2.2-20.5 8.5V212H140c-6.6 0-12 5.4-12 12v64c0 6.6 5.4 12 12 12z\"><\/path><\/svg>\t\t\t\t\t\t<\/span>\n\t\t\t\t\t\t\t\t\t\t<span class=\"elementor-icon-list-text\">Ici<\/span>\n\t\t\t\t\t\t\t\t\t\t\t<\/a>\n\t\t\t\t\t\t\t\t\t<\/li>\n\t\t\t\t\t\t<\/ul>\n\t\t\t\t\t\t<\/div>\n\t\t\t\t<\/div>\n\t\t\t\t<\/div>\n\t\t\t\t<div class=\"elementor-element elementor-element-4fa8bb4c elementor-widget elementor-widget-html\" data-id=\"4fa8bb4c\" data-element_type=\"widget\" data-e-type=\"widget\" data-widget_type=\"html.default\">\n\t\t\t\t\t<div style=\"border-top: 1px solid #eee; padding-top: 15px; margin-top: 20px; font-family: Arial, sans-serif; font-size: 14px; color: #666;\">\r\n    <div style=\"display: flex; align-items: center; margin-bottom: 5px;\">\r\n        <span style=\"margin-right: 10px; font-weight: bold;\">\ud83c\udff7\ufe0f TAGGU\u00c9 :<\/span>\r\n        <span>Recherche, Projets, International, Financement<\/span>\r\n    <\/div>\r\n    <div style=\"display: flex; align-items: center; margin-bottom: 5px;\">\r\n        <span style=\"margin-right: 10px; font-weight: bold;\">\ud83d\udce7 SOURCES :<\/span>\r\n        <span>cnrs.fr, univ-grenoble-alpes.fr<\/span>\r\n    <\/div>\r\n   <\/div>\r\n\t\t\t\t<\/div>\n\t\t\t\t\t<\/div>\n\t\t\t\t<\/div>\n\t\t\t\t<\/div>\n\t\t","protected":false},"excerpt":{"rendered":"<p>La salle Jean-Marc Chassery accueillera le prochain Pizza Tech organis\u00e9 par le service Transfert pour l&rsquo;Innovation et Partenariats de l&rsquo;INRIA. Au menu de ce 17 avril 2025, \u00ab\u00a0La reconnaissance de la parole : entre applications constructives et enjeux \u00e9thiques\u00a0\u00bb. La reconnaissance de la parole est aujourd&rsquo;hui omnipr\u00e9sente, utilis\u00e9e dans des applications aussi diverses que l&rsquo;assistance [&hellip;]<\/p>\n","protected":false},"author":5,"featured_media":13755,"comment_status":"closed","ping_status":"open","sticky":false,"template":"","format":"standard","meta":{"rs_blank_template":"","rs_page_bg_color":"","slide_template_v7":"","footnotes":""},"categories":[72,77],"tags":[],"class_list":["post-13754","post","type-post","status-publish","format-standard","has-post-thumbnail","hentry","category-actualite","category-interne"],"lang":"fr","translations":{"fr":13754},"pll_sync_post":[],"_links":{"self":[{"href":"https:\/\/intra-dev-2.excellis.org\/index.php?rest_route=\/wp\/v2\/posts\/13754","targetHints":{"allow":["GET"]}}],"collection":[{"href":"https:\/\/intra-dev-2.excellis.org\/index.php?rest_route=\/wp\/v2\/posts"}],"about":[{"href":"https:\/\/intra-dev-2.excellis.org\/index.php?rest_route=\/wp\/v2\/types\/post"}],"author":[{"embeddable":true,"href":"https:\/\/intra-dev-2.excellis.org\/index.php?rest_route=\/wp\/v2\/users\/5"}],"replies":[{"embeddable":true,"href":"https:\/\/intra-dev-2.excellis.org\/index.php?rest_route=%2Fwp%2Fv2%2Fcomments&post=13754"}],"version-history":[{"count":4,"href":"https:\/\/intra-dev-2.excellis.org\/index.php?rest_route=\/wp\/v2\/posts\/13754\/revisions"}],"predecessor-version":[{"id":13760,"href":"https:\/\/intra-dev-2.excellis.org\/index.php?rest_route=\/wp\/v2\/posts\/13754\/revisions\/13760"}],"wp:featuredmedia":[{"embeddable":true,"href":"https:\/\/intra-dev-2.excellis.org\/index.php?rest_route=\/wp\/v2\/media\/13755"}],"wp:attachment":[{"href":"https:\/\/intra-dev-2.excellis.org\/index.php?rest_route=%2Fwp%2Fv2%2Fmedia&parent=13754"}],"wp:term":[{"taxonomy":"category","embeddable":true,"href":"https:\/\/intra-dev-2.excellis.org\/index.php?rest_route=%2Fwp%2Fv2%2Fcategories&post=13754"},{"taxonomy":"post_tag","embeddable":true,"href":"https:\/\/intra-dev-2.excellis.org\/index.php?rest_route=%2Fwp%2Fv2%2Ftags&post=13754"}],"curies":[{"name":"wp","href":"https:\/\/api.w.org\/{rel}","templated":true}]}}