{"id":13772,"date":"2025-05-14T16:38:04","date_gmt":"2025-05-14T14:38:04","guid":{"rendered":"https:\/\/intra-dev-2.excellis.org\/?p=13772"},"modified":"2026-02-19T09:19:42","modified_gmt":"2026-02-19T08:19:42","slug":"realites-virtuelles-un-jeu-mais-pas-que","status":"publish","type":"post","link":"https:\/\/intra-dev-2.excellis.org\/?p=13772","title":{"rendered":"R\u00e9alit\u00e9s virtuelles&#8230; Un jeu mais pas que !"},"content":{"rendered":"\t\t<div data-elementor-type=\"wp-post\" data-elementor-id=\"13772\" class=\"elementor elementor-13772\" data-elementor-post-type=\"post\">\n\t\t\t\t<div class=\"elementor-element elementor-element-6265c6aa e-flex e-con-boxed e-con e-parent\" data-id=\"6265c6aa\" data-element_type=\"container\" data-e-type=\"container\">\n\t\t\t\t\t<div class=\"e-con-inner\">\n\t\t\t\t<div class=\"elementor-element elementor-element-70c319d6 elementor-widget elementor-widget-text-editor\" data-id=\"70c319d6\" data-element_type=\"widget\" data-e-type=\"widget\" data-widget_type=\"text-editor.default\">\n\t\t\t\t\t\t\t\t\t<p>Passionn\u00e9s par les R\u00e9alit\u00e9s virtuelles ? Le <strong>jeudi 22 mai<\/strong>, Olivier Martin et Pascal Bellemain vous invitent \u00e0 explorer les multiples facettes de la r\u00e9alit\u00e9 virtuelle lors de leur conf\u00e9rence <strong>\u00ab R\u00e9alit\u00e9s virtuelles\u2026 Un jeu mais pas que ! \u00bb <\/strong>organis\u00e9e dans le cadre du cycle de conf\u00e9rences de l\u2019AFIS.<\/p><p>Conf\u00e9rence de <strong>18h30 \u00e0 20h<\/strong><br \/><strong>La Casemate<\/strong> : 2 Place Saint-Laurent 38000 &#8211; Grenoble<br \/>Pour les inscriptions (c&rsquo;est gratuit !), c\u2019est ici\u00a0: <a class=\"ext\" title=\"Billeterieinscriptions (s'ouvre dans une nouvelle fen\u00eatre)\" href=\"https:\/\/lacasemate.fr\/programmation\/conference-realites-virtuelles-un-jeu-mais-pas-que\/\" target=\"_blank\" rel=\"noopener noreferrer\" data-extlink=\"\">Billetterie Casemate<\/a><\/p>\t\t\t\t\t\t\t\t<\/div>\n\t\t<div class=\"elementor-element elementor-element-24ec73eb e-con-full e-flex e-con e-child\" data-id=\"24ec73eb\" data-element_type=\"container\" data-e-type=\"container\">\n\t\t<div class=\"elementor-element elementor-element-58a6d97b e-con-full e-flex e-con e-child\" data-id=\"58a6d97b\" data-element_type=\"container\" data-e-type=\"container\">\n\t\t\t\t<div class=\"elementor-element elementor-element-be9b9c8 elementor-widget elementor-widget-image\" data-id=\"be9b9c8\" data-element_type=\"widget\" data-e-type=\"widget\" data-widget_type=\"image.default\">\n\t\t\t\t\t\t\t\t\t\t\t\t\t\t\t<img fetchpriority=\"high\" decoding=\"async\" width=\"480\" height=\"270\" src=\"https:\/\/intra-dev-2.excellis.org\/wp-content\/uploads\/2026\/02\/2_PhotoVR_MartinBellemain_Mai2025.jpg\" class=\"attachment-large size-large wp-image-13777\" alt=\"\" srcset=\"https:\/\/intra-dev-2.excellis.org\/wp-content\/uploads\/2026\/02\/2_PhotoVR_MartinBellemain_Mai2025.jpg 480w, https:\/\/intra-dev-2.excellis.org\/wp-content\/uploads\/2026\/02\/2_PhotoVR_MartinBellemain_Mai2025-300x169.jpg 300w\" sizes=\"(max-width: 480px) 100vw, 480px\" \/>\t\t\t\t\t\t\t\t\t\t\t\t\t\t\t<\/div>\n\t\t\t\t<\/div>\n\t\t\t\t<\/div>\n\t\t\t\t<div class=\"elementor-element elementor-element-1bf23274 elementor-widget elementor-widget-html\" data-id=\"1bf23274\" data-element_type=\"widget\" data-e-type=\"widget\" data-widget_type=\"html.default\">\n\t\t\t\t\t<div style=\"border-top: 1px solid #eee; padding-top: 15px; margin-top: 20px; font-family: Arial, sans-serif; font-size: 14px; color: #666;\">\r\n    <div style=\"display: flex; align-items: center; margin-bottom: 5px;\">\r\n        <span style=\"margin-right: 10px; font-weight: bold;\">\ud83c\udff7\ufe0f TAGGU\u00c9 :<\/span>\r\n        <span>Recherche, Projets, International, Financement<\/span>\r\n    <\/div>\r\n    <div style=\"display: flex; align-items: center; margin-bottom: 5px;\">\r\n        <span style=\"margin-right: 10px; font-weight: bold;\">\ud83d\udce7 SOURCES :<\/span>\r\n        <span>cnrs.fr, univ-grenoble-alpes.fr<\/span>\r\n    <\/div>\r\n   <\/div>\r\n\t\t\t\t<\/div>\n\t\t\t\t\t<\/div>\n\t\t\t\t<\/div>\n\t\t\t\t<\/div>\n\t\t","protected":false},"excerpt":{"rendered":"<p>Passionn\u00e9s par les R\u00e9alit\u00e9s virtuelles ? Le jeudi 22 mai, Olivier Martin et Pascal Bellemain vous invitent \u00e0 explorer les multiples facettes de la r\u00e9alit\u00e9 virtuelle lors de leur conf\u00e9rence \u00ab R\u00e9alit\u00e9s virtuelles\u2026 Un jeu mais pas que ! \u00bb organis\u00e9e dans le cadre du cycle de conf\u00e9rences de l\u2019AFIS. Conf\u00e9rence de 18h30 \u00e0 20hLa [&hellip;]<\/p>\n","protected":false},"author":5,"featured_media":13793,"comment_status":"closed","ping_status":"open","sticky":false,"template":"","format":"standard","meta":{"rs_blank_template":"","rs_page_bg_color":"","slide_template_v7":"","footnotes":""},"categories":[72,75],"tags":[],"class_list":["post-13772","post","type-post","status-publish","format-standard","has-post-thumbnail","hentry","category-actualite","category-grand_public"],"lang":"fr","translations":{"fr":13772},"pll_sync_post":[],"_links":{"self":[{"href":"https:\/\/intra-dev-2.excellis.org\/index.php?rest_route=\/wp\/v2\/posts\/13772","targetHints":{"allow":["GET"]}}],"collection":[{"href":"https:\/\/intra-dev-2.excellis.org\/index.php?rest_route=\/wp\/v2\/posts"}],"about":[{"href":"https:\/\/intra-dev-2.excellis.org\/index.php?rest_route=\/wp\/v2\/types\/post"}],"author":[{"embeddable":true,"href":"https:\/\/intra-dev-2.excellis.org\/index.php?rest_route=\/wp\/v2\/users\/5"}],"replies":[{"embeddable":true,"href":"https:\/\/intra-dev-2.excellis.org\/index.php?rest_route=%2Fwp%2Fv2%2Fcomments&post=13772"}],"version-history":[{"count":4,"href":"https:\/\/intra-dev-2.excellis.org\/index.php?rest_route=\/wp\/v2\/posts\/13772\/revisions"}],"predecessor-version":[{"id":13780,"href":"https:\/\/intra-dev-2.excellis.org\/index.php?rest_route=\/wp\/v2\/posts\/13772\/revisions\/13780"}],"wp:featuredmedia":[{"embeddable":true,"href":"https:\/\/intra-dev-2.excellis.org\/index.php?rest_route=\/wp\/v2\/media\/13793"}],"wp:attachment":[{"href":"https:\/\/intra-dev-2.excellis.org\/index.php?rest_route=%2Fwp%2Fv2%2Fmedia&parent=13772"}],"wp:term":[{"taxonomy":"category","embeddable":true,"href":"https:\/\/intra-dev-2.excellis.org\/index.php?rest_route=%2Fwp%2Fv2%2Fcategories&post=13772"},{"taxonomy":"post_tag","embeddable":true,"href":"https:\/\/intra-dev-2.excellis.org\/index.php?rest_route=%2Fwp%2Fv2%2Ftags&post=13772"}],"curies":[{"name":"wp","href":"https:\/\/api.w.org\/{rel}","templated":true}]}}