{"id":13833,"date":"2025-06-13T16:47:27","date_gmt":"2025-06-13T14:47:27","guid":{"rendered":"https:\/\/intra-dev-2.excellis.org\/?p=13833"},"modified":"2026-03-03T11:12:10","modified_gmt":"2026-03-03T10:12:10","slug":"robotique-et-ia","status":"publish","type":"post","link":"https:\/\/intra-dev-2.excellis.org\/?p=13833","title":{"rendered":"VivaTech\u00a0\u00e9dition 2025, les robots \u00e9quip\u00e9s d\u2019IA"},"content":{"rendered":"\t\t<div data-elementor-type=\"wp-post\" data-elementor-id=\"13833\" class=\"elementor elementor-13833\" data-elementor-post-type=\"post\">\n\t\t\t\t<div class=\"elementor-element elementor-element-590a97c1 e-flex e-con-boxed e-con e-parent\" data-id=\"590a97c1\" data-element_type=\"container\" data-e-type=\"container\">\n\t\t\t\t\t<div class=\"e-con-inner\">\n\t\t\t\t<div class=\"elementor-element elementor-element-3f9bd940 elementor-widget elementor-widget-text-editor\" data-id=\"3f9bd940\" data-element_type=\"widget\" data-e-type=\"widget\" data-widget_type=\"text-editor.default\">\n\t\t\t\t\t\t\t\t\t<p data-start=\"2386\" data-end=\"2803\">Lors du plus du grand \u00e9v\u00e9nement europ\u00e9en de la Tech <strong>VivaTech <\/strong>\u00e9dition 2025, les robots \u00e9quip\u00e9s d\u2019IA font leur entr\u00e9e parmi les machines futuristes. Pour cet \u00e9v\u00e9nement, G\u00e9rard Bailly, directeur de recherche CNRS en robotique sociale,<strong>\u00a0<\/strong>a donn\u00e9 un interview<strong>\u00a0<\/strong>pour l\u2019article <a class=\"ext\" title=\"Article_Journal_LaCroix (s'ouvre dans une nouvelle fen\u00eatre)\" href=\"https:\/\/www.la-croix.com\/societe\/avec-l-ia-les-robots-veulent-sinviter-dans-les-foyers-20250611\" target=\"_blank\" rel=\"noopener noreferrer\" data-extlink=\"\"><strong>Avec l\u2019IA, les robots veulent s\u2019inviter dans les foyers<\/strong><\/a>, publi\u00e9 le 11 juin dans le journal La Croix.nim id est laborum.<\/p>\t\t\t\t\t\t\t\t<\/div>\n\t\t\t\t<div class=\"elementor-element elementor-element-5a460ee7 elementor-widget elementor-widget-html\" data-id=\"5a460ee7\" data-element_type=\"widget\" data-e-type=\"widget\" data-widget_type=\"html.default\">\n\t\t\t\t\t<div style=\"border-top: 1px solid #eee; padding-top: 15px; margin-top: 20px; font-family: Arial, sans-serif; font-size: 14px; color: #666;\">\r\n    <div style=\"display: flex; align-items: center; margin-bottom: 5px;\">\r\n        <span style=\"margin-right: 10px; font-weight: bold;\">\ud83c\udff7\ufe0f TAGGU\u00c9 :<\/span>\r\n        <span>Recherche, Projets, International, Financement<\/span>\r\n    <\/div>\r\n    <div style=\"display: flex; align-items: center; margin-bottom: 5px;\">\r\n        <span style=\"margin-right: 10px; font-weight: bold;\">\ud83d\udce7 SOURCES :<\/span>\r\n        <span>cnrs.fr, univ-grenoble-alpes.fr<\/span>\r\n    <\/div>\r\n   <\/div>\r\n\t\t\t\t<\/div>\n\t\t\t\t\t<\/div>\n\t\t\t\t<\/div>\n\t\t\t\t<\/div>\n\t\t","protected":false},"excerpt":{"rendered":"<p>Lors du plus du grand \u00e9v\u00e9nement europ\u00e9en de la Tech VivaTech \u00e9dition 2025, les robots \u00e9quip\u00e9s d\u2019IA font leur entr\u00e9e parmi les machines futuristes. Pour cet \u00e9v\u00e9nement, G\u00e9rard Bailly, directeur de recherche CNRS en robotique sociale,\u00a0a donn\u00e9 un interview\u00a0pour l\u2019article Avec l\u2019IA, les robots veulent s\u2019inviter dans les foyers, publi\u00e9 le 11 juin dans le [&hellip;]<\/p>\n","protected":false},"author":5,"featured_media":14331,"comment_status":"closed","ping_status":"open","sticky":false,"template":"","format":"standard","meta":{"rs_blank_template":"","rs_page_bg_color":"","slide_template_v7":"","footnotes":""},"categories":[72,78],"tags":[],"class_list":["post-13833","post","type-post","status-publish","format-standard","has-post-thumbnail","hentry","category-actualite","category-on_parle_de_nous"],"lang":"fr","translations":{"fr":13833},"pll_sync_post":[],"_links":{"self":[{"href":"https:\/\/intra-dev-2.excellis.org\/index.php?rest_route=\/wp\/v2\/posts\/13833","targetHints":{"allow":["GET"]}}],"collection":[{"href":"https:\/\/intra-dev-2.excellis.org\/index.php?rest_route=\/wp\/v2\/posts"}],"about":[{"href":"https:\/\/intra-dev-2.excellis.org\/index.php?rest_route=\/wp\/v2\/types\/post"}],"author":[{"embeddable":true,"href":"https:\/\/intra-dev-2.excellis.org\/index.php?rest_route=\/wp\/v2\/users\/5"}],"replies":[{"embeddable":true,"href":"https:\/\/intra-dev-2.excellis.org\/index.php?rest_route=%2Fwp%2Fv2%2Fcomments&post=13833"}],"version-history":[{"count":5,"href":"https:\/\/intra-dev-2.excellis.org\/index.php?rest_route=\/wp\/v2\/posts\/13833\/revisions"}],"predecessor-version":[{"id":14332,"href":"https:\/\/intra-dev-2.excellis.org\/index.php?rest_route=\/wp\/v2\/posts\/13833\/revisions\/14332"}],"wp:featuredmedia":[{"embeddable":true,"href":"https:\/\/intra-dev-2.excellis.org\/index.php?rest_route=\/wp\/v2\/media\/14331"}],"wp:attachment":[{"href":"https:\/\/intra-dev-2.excellis.org\/index.php?rest_route=%2Fwp%2Fv2%2Fmedia&parent=13833"}],"wp:term":[{"taxonomy":"category","embeddable":true,"href":"https:\/\/intra-dev-2.excellis.org\/index.php?rest_route=%2Fwp%2Fv2%2Fcategories&post=13833"},{"taxonomy":"post_tag","embeddable":true,"href":"https:\/\/intra-dev-2.excellis.org\/index.php?rest_route=%2Fwp%2Fv2%2Ftags&post=13833"}],"curies":[{"name":"wp","href":"https:\/\/api.w.org\/{rel}","templated":true}]}}