{"id":13861,"date":"2026-02-24T16:00:20","date_gmt":"2026-02-24T15:00:20","guid":{"rendered":"https:\/\/intra-dev-2.excellis.org\/?p=13861"},"modified":"2026-03-03T11:17:46","modified_gmt":"2026-03-03T10:17:46","slug":"inception-control-dans-le-journal-du-cnrs","status":"publish","type":"post","link":"https:\/\/intra-dev-2.excellis.org\/?p=13861","title":{"rendered":"INCEPTION-CONTROL dans le journal du CNRS"},"content":{"rendered":"\t\t<div data-elementor-type=\"wp-post\" data-elementor-id=\"13861\" class=\"elementor elementor-13861\" data-elementor-post-type=\"post\">\n\t\t\t\t<div class=\"elementor-element elementor-element-65e299f3 e-flex e-con-boxed e-con e-parent\" data-id=\"65e299f3\" data-element_type=\"container\" data-e-type=\"container\">\n\t\t\t\t\t<div class=\"e-con-inner\">\n\t\t\t\t<div class=\"elementor-element elementor-element-7495d2eb elementor-widget elementor-widget-text-editor\" data-id=\"7495d2eb\" data-element_type=\"widget\" data-e-type=\"widget\" data-widget_type=\"text-editor.default\">\n\t\t\t\t\t\t\t\t\t<p data-start=\"2386\" data-end=\"2803\"><em data-start=\"160\" data-end=\"177\">Le Journal du CNRS<\/em>\u00a0vient de publier l&rsquo;article \u00ab\u00a0Ecouter le son de la voix dans la t\u00eate\u00a0\u00bb\u00a0d\u00e9crivant des travaux men\u00e9s par le GIPSA-lab pour\u00a0explorer un aspect m\u00e9connu de l&rsquo;audition humaine : l\u2019\u00e9coute interne de sa propre voix propag\u00e9e \u00e0 l\u2019int\u00e9rieur du cr\u00e2ne via la conduction osseuse et les tissus mous. L&rsquo;article relate la chronologie des dispositifs d&rsquo;observation d\u00e9velopp\u00e9s pour capter les signaux internes du cerveau : parmi eux, un capteur\u00a0avec acc\u00e9l\u00e9rom\u00e8tre fix\u00e9 sur une dent et leurs r\u00f4les dans la cartographie des phon\u00e8mes de la langue fran\u00e7aise.<\/p><p data-start=\"2386\" data-end=\"2803\">Ces travaux s&rsquo;inscrivent dans le cadre du projet ANR\u00a0<strong data-start=\"408\" data-end=\"429\">INCEPTION-CONTROL<\/strong>, lanc\u00e9 en 2022 en partenariat avec le LPNC (Laboratoire de psychologie et neurocognition). Ils r\u00e9unissent notamment\u00a0<strong data-start=\"456\" data-end=\"474\">Pierre Baraduc<\/strong>\u00a0(chercheur CNRS\/GIPSA-lab) sp\u00e9cialiste en neurosciences,\u00a0<strong data-start=\"746\" data-end=\"766\">Coriandre Vilain<\/strong>\u00a0(ing\u00e9nieur de recherche GIPSA-lab) responsable de la plateforme MUSA, et Nathalie Henrich (GIPSA-lab) responsable de la voix chant\u00e9e.\u00a0<\/p>\t\t\t\t\t\t\t\t<\/div>\n\t\t\t\t<div class=\"elementor-element elementor-element-42064066 elementor-widget elementor-widget-text-editor\" data-id=\"42064066\" data-element_type=\"widget\" data-e-type=\"widget\" data-widget_type=\"text-editor.default\">\n\t\t\t\t\t\t\t\t\t<p>\u27a1\ufe0f <b>Retrouver l&rsquo;article int\u00e9gral sur <a href=\"https:\/\/lejournal.cnrs.fr\/nos-blogs\/focus-sciences\/ecouter-le-son-de-la-voix-dans-la-tete\">Le Journal du CNRS<\/a><\/b><\/p>\t\t\t\t\t\t\t\t<\/div>\n\t\t\t\t<div class=\"elementor-element elementor-element-5ce55431 elementor-widget elementor-widget-html\" data-id=\"5ce55431\" data-element_type=\"widget\" data-e-type=\"widget\" data-widget_type=\"html.default\">\n\t\t\t\t\t<div style=\"border-top: 1px solid #eee; padding-top: 15px; margin-top: 20px; font-family: Arial, sans-serif; font-size: 14px; color: #666;\">\r\n    <div style=\"display: flex; align-items: center; margin-bottom: 5px;\">\r\n        <span style=\"margin-right: 10px; font-weight: bold;\">\ud83c\udff7\ufe0f TAGGU\u00c9 :<\/span>\r\n        <span>Recherche, Projets, International, Financement<\/span>\r\n    <\/div>\r\n    <div style=\"display: flex; align-items: center; margin-bottom: 5px;\">\r\n        <span style=\"margin-right: 10px; font-weight: bold;\">\ud83d\udce7 SOURCES :<\/span>\r\n        <span>cnrs.fr, univ-grenoble-alpes.fr<\/span>\r\n    <\/div>\r\n   <\/div>\r\n\t\t\t\t<\/div>\n\t\t\t\t\t<\/div>\n\t\t\t\t<\/div>\n\t\t\t\t<\/div>\n\t\t","protected":false},"excerpt":{"rendered":"<p>Le Journal du CNRS\u00a0vient de publier l&rsquo;article \u00ab\u00a0Ecouter le son de la voix dans la t\u00eate\u00a0\u00bb\u00a0d\u00e9crivant des travaux men\u00e9s par le GIPSA-lab pour\u00a0explorer un aspect m\u00e9connu de l&rsquo;audition humaine : l\u2019\u00e9coute interne de sa propre voix propag\u00e9e \u00e0 l\u2019int\u00e9rieur du cr\u00e2ne via la conduction osseuse et les tissus mous. L&rsquo;article relate la chronologie des dispositifs [&hellip;]<\/p>\n","protected":false},"author":12,"featured_media":13880,"comment_status":"closed","ping_status":"open","sticky":false,"template":"","format":"standard","meta":{"rs_blank_template":"","rs_page_bg_color":"","slide_template_v7":"","footnotes":""},"categories":[72,78],"tags":[],"class_list":["post-13861","post","type-post","status-publish","format-standard","has-post-thumbnail","hentry","category-actualite","category-on_parle_de_nous"],"lang":"fr","translations":{"fr":13861},"pll_sync_post":[],"_links":{"self":[{"href":"https:\/\/intra-dev-2.excellis.org\/index.php?rest_route=\/wp\/v2\/posts\/13861","targetHints":{"allow":["GET"]}}],"collection":[{"href":"https:\/\/intra-dev-2.excellis.org\/index.php?rest_route=\/wp\/v2\/posts"}],"about":[{"href":"https:\/\/intra-dev-2.excellis.org\/index.php?rest_route=\/wp\/v2\/types\/post"}],"author":[{"embeddable":true,"href":"https:\/\/intra-dev-2.excellis.org\/index.php?rest_route=\/wp\/v2\/users\/12"}],"replies":[{"embeddable":true,"href":"https:\/\/intra-dev-2.excellis.org\/index.php?rest_route=%2Fwp%2Fv2%2Fcomments&post=13861"}],"version-history":[{"count":5,"href":"https:\/\/intra-dev-2.excellis.org\/index.php?rest_route=\/wp\/v2\/posts\/13861\/revisions"}],"predecessor-version":[{"id":13875,"href":"https:\/\/intra-dev-2.excellis.org\/index.php?rest_route=\/wp\/v2\/posts\/13861\/revisions\/13875"}],"wp:featuredmedia":[{"embeddable":true,"href":"https:\/\/intra-dev-2.excellis.org\/index.php?rest_route=\/wp\/v2\/media\/13880"}],"wp:attachment":[{"href":"https:\/\/intra-dev-2.excellis.org\/index.php?rest_route=%2Fwp%2Fv2%2Fmedia&parent=13861"}],"wp:term":[{"taxonomy":"category","embeddable":true,"href":"https:\/\/intra-dev-2.excellis.org\/index.php?rest_route=%2Fwp%2Fv2%2Fcategories&post=13861"},{"taxonomy":"post_tag","embeddable":true,"href":"https:\/\/intra-dev-2.excellis.org\/index.php?rest_route=%2Fwp%2Fv2%2Ftags&post=13861"}],"curies":[{"name":"wp","href":"https:\/\/api.w.org\/{rel}","templated":true}]}}