{"id":14306,"date":"2026-01-30T19:02:34","date_gmt":"2026-01-30T18:02:34","guid":{"rendered":"https:\/\/intra-dev-2.excellis.org\/?p=14306"},"modified":"2026-03-03T11:18:22","modified_gmt":"2026-03-03T10:18:22","slug":"72-femmes-de-sciences","status":"publish","type":"post","link":"https:\/\/intra-dev-2.excellis.org\/?p=14306","title":{"rendered":"72 Femmes de Sciences pour la Tour Eiffel"},"content":{"rendered":"\t\t<div data-elementor-type=\"wp-post\" data-elementor-id=\"14306\" class=\"elementor elementor-14306\" data-elementor-post-type=\"post\">\n\t\t\t\t<div class=\"elementor-element elementor-element-225e1b0a e-flex e-con-boxed e-con e-parent\" data-id=\"225e1b0a\" data-element_type=\"container\" data-e-type=\"container\">\n\t\t\t\t\t<div class=\"e-con-inner\">\n\t\t\t\t<div class=\"elementor-element elementor-element-2caf8be7 elementor-widget elementor-widget-text-editor\" data-id=\"2caf8be7\" data-element_type=\"widget\" data-e-type=\"widget\" data-widget_type=\"text-editor.default\">\n\t\t\t\t\t\t\t\t\t<p>En 2026, 72 noms de Femmes de Sciences seront appos\u00e9s au premier \u00e9tage de la Tour Eiffel \u00e0 c\u00f4t\u00e9 de 72 noms d\u2019Hommes de Sciences. Ce projet, initi\u00e9 en 2025 par la Ville de Paris, l\u2019association \u00ab\u00a0<strong>Femmes &amp; Sciences<\/strong>\u00a0\u00bb pr\u00e9sid\u00e9e par <strong>Isabelle VAUGLIN<\/strong> et la <strong>Soci\u00e9t\u00e9 d\u2019Exploitation de la Tour Eiffel<\/strong> (SETE) pr\u00e9sid\u00e9e par <strong>Jean-Fran\u00e7ois MARTIN<\/strong>, vise \u00e0 rendre hommage aux contributions majeures des femmes dans le domaine scientifique.<\/p><p>Parmi ces 72 Femmes de sciences, figurent :<\/p>\t\t\t\t\t\t\t\t<\/div>\n\t\t<div class=\"elementor-element elementor-element-ab6eb45 e-grid e-con-full e-con e-child\" data-id=\"ab6eb45\" data-element_type=\"container\" data-e-type=\"container\">\n\t\t\t\t<div class=\"elementor-element elementor-element-a1c9d46 elementor-widget elementor-widget-text-editor\" data-id=\"a1c9d46\" data-element_type=\"widget\" data-e-type=\"widget\" data-widget_type=\"text-editor.default\">\n\t\t\t\t\t\t\t\t\t<p><strong>Genevi\u00e8ve JOURDAIN<\/strong> (1946-2007)<br \/>Ing\u00e9nieure en informatique\u00a0<\/p><p>\u00ab <em>Pionni\u00e8re dans le domaine du traitement du signal et de ses applications et convaincue de l\u2019int\u00e9r\u00eat de l\u2019interdisciplinarit\u00e9, elle a appliqu\u00e9 ses travaux \u00e0 la tomographie oc\u00e9anique et aux communications sous-marines.<\/em> \u00bb<\/p>\t\t\t\t\t\t\t\t<\/div>\n\t\t\t\t<div class=\"elementor-element elementor-element-5cf2772 elementor-widget elementor-widget-text-editor\" data-id=\"5cf2772\" data-element_type=\"widget\" data-e-type=\"widget\" data-widget_type=\"text-editor.default\">\n\t\t\t\t\t\t\t\t\t<p><strong>Alice RECOQUE<\/strong> (1929-2021) <br \/>Ing\u00e9nieure en informatique\u00a0<\/p><p>\u00ab <em>Informaticienne fran\u00e7aise du XXe si\u00e8cle, dipl\u00f4m\u00e9e de l\u2019ESPCI, sp\u00e9cialiste de l\u2019architecture des ordinateurs, elle m\u00e8ne des recherches d\u00e9cisives sur la miniaturisation des machines [\u2026]<\/em> \u00bb<\/p>\t\t\t\t\t\t\t\t<\/div>\n\t\t\t\t<div class=\"elementor-element elementor-element-9210ac4 elementor-widget elementor-widget-text-editor\" data-id=\"9210ac4\" data-element_type=\"widget\" data-e-type=\"widget\" data-widget_type=\"text-editor.default\">\n\t\t\t\t\t\t\t\t\t<p><strong>Sophie GERMAIN<\/strong> (1776-1831) <br \/>Math\u00e9maticienne<\/p><p>\u00ab <em>Premi\u00e8re femme \u00e0 obtenir, en 1815, un prix de l\u2019Acad\u00e9mie des sciences pour son m\u00e9moire sur les surfaces \u00e9lastiques, elle pose les bases de recherches sur la r\u00e9sistance des mat\u00e9riaux, notamment pour la construction de la tour Eiffel.<\/em> \u00bb<\/p>\t\t\t\t\t\t\t\t<\/div>\n\t\t\t\t<div class=\"elementor-element elementor-element-8c6a8e1 elementor-widget elementor-widget-text-editor\" data-id=\"8c6a8e1\" data-element_type=\"widget\" data-e-type=\"widget\" data-widget_type=\"text-editor.default\">\n\t\t\t\t\t\t\t\t\t<p><strong>Yvonne BRUHAT<\/strong> (1923-2025) <br \/>Physicienne, Math\u00e9maticienne<\/p><p>\u00ab <em>Elle \u00e9tablit les premiers r\u00e9sultats rigoureux relatifs aux solutions des \u00e9quations d\u2019Einstein, ouvrant la voie \u00e0 l\u2019\u00e9tude math\u00e9matique de l\u2019espace-temps. Dans ses travaux pionniers, elle d\u00e9montre la r\u00e9alit\u00e9 physique des ondes gravitationnelles, confirm\u00e9e exp\u00e9rimentalement des d\u00e9cennies plus tard.<\/em> \u00bb<\/p>\t\t\t\t\t\t\t\t<\/div>\n\t\t\t\t<\/div>\n\t\t\t\t<div class=\"elementor-element elementor-element-33c63f77 elementor-widget elementor-widget-text-editor\" data-id=\"33c63f77\" data-element_type=\"widget\" data-e-type=\"widget\" data-widget_type=\"text-editor.default\">\n\t\t\t\t\t\t\t\t\t<p>Sources : 72 femmes de sciences, sous la direction d\u2019I. Vauglin, \u00a9 \u00e9ditions Mkf 2026, p. 51, p. 73, p. 43, p.20<\/p>\t\t\t\t\t\t\t\t<\/div>\n\t\t<div class=\"elementor-element elementor-element-68336bb8 e-con-full e-flex e-con e-child\" data-id=\"68336bb8\" data-element_type=\"container\" data-e-type=\"container\">\n\t\t<div class=\"elementor-element elementor-element-3e03ec93 e-con-full e-flex e-con e-child\" data-id=\"3e03ec93\" data-element_type=\"container\" data-e-type=\"container\">\n\t\t<div class=\"elementor-element elementor-element-22e88dd5 e-con-full e-flex e-con e-child\" data-id=\"22e88dd5\" data-element_type=\"container\" data-e-type=\"container\" data-settings=\"{&quot;background_background&quot;:&quot;classic&quot;}\">\n\t\t\t\t<div class=\"elementor-element elementor-element-1f4e27fb elementor-view-default elementor-position-block-start elementor-mobile-position-block-start elementor-widget elementor-widget-icon-box\" data-id=\"1f4e27fb\" data-element_type=\"widget\" data-e-type=\"widget\" data-widget_type=\"icon-box.default\">\n\t\t\t\t\t\t\t<div class=\"elementor-icon-box-wrapper\">\n\n\t\t\t\t\t\t<div class=\"elementor-icon-box-icon\">\n\t\t\t\t<span  class=\"elementor-icon\">\n\t\t\t\t<svg aria-hidden=\"true\" class=\"e-font-icon-svg e-fab-readme\" viewBox=\"0 0 576 512\" xmlns=\"http:\/\/www.w3.org\/2000\/svg\"><path d=\"M528.3 46.5H388.5c-48.1 0-89.9 33.3-100.4 80.3-10.6-47-52.3-80.3-100.4-80.3H48c-26.5 0-48 21.5-48 48v245.8c0 26.5 21.5 48 48 48h89.7c102.2 0 132.7 24.4 147.3 75 .7 2.8 5.2 2.8 6 0 14.7-50.6 45.2-75 147.3-75H528c26.5 0 48-21.5 48-48V94.6c0-26.4-21.3-47.9-47.7-48.1zM242 311.9c0 1.9-1.5 3.5-3.5 3.5H78.2c-1.9 0-3.5-1.5-3.5-3.5V289c0-1.9 1.5-3.5 3.5-3.5h160.4c1.9 0 3.5 1.5 3.5 3.5v22.9zm0-60.9c0 1.9-1.5 3.5-3.5 3.5H78.2c-1.9 0-3.5-1.5-3.5-3.5v-22.9c0-1.9 1.5-3.5 3.5-3.5h160.4c1.9 0 3.5 1.5 3.5 3.5V251zm0-60.9c0 1.9-1.5 3.5-3.5 3.5H78.2c-1.9 0-3.5-1.5-3.5-3.5v-22.9c0-1.9 1.5-3.5 3.5-3.5h160.4c1.9 0 3.5 1.5 3.5 3.5v22.9zm259.3 121.7c0 1.9-1.5 3.5-3.5 3.5H337.5c-1.9 0-3.5-1.5-3.5-3.5v-22.9c0-1.9 1.5-3.5 3.5-3.5h160.4c1.9 0 3.5 1.5 3.5 3.5v22.9zm0-60.9c0 1.9-1.5 3.5-3.5 3.5H337.5c-1.9 0-3.5-1.5-3.5-3.5V228c0-1.9 1.5-3.5 3.5-3.5h160.4c1.9 0 3.5 1.5 3.5 3.5v22.9zm0-60.9c0 1.9-1.5 3.5-3.5 3.5H337.5c-1.9 0-3.5-1.5-3.5-3.5v-22.8c0-1.9 1.5-3.5 3.5-3.5h160.4c1.9 0 3.5 1.5 3.5 3.5V190z\"><\/path><\/svg>\t\t\t\t<\/span>\n\t\t\t<\/div>\n\t\t\t\n\t\t\t\t\t\t<div class=\"elementor-icon-box-content\">\n\n\t\t\t\t\t\t\t\t\t<h3 class=\"elementor-icon-box-title\">\n\t\t\t\t\t\t<span  >\n\t\t\t\t\t\t\tEn savoir plus\t\t\t\t\t\t<\/span>\n\t\t\t\t\t<\/h3>\n\t\t\t\t\n\t\t\t\t\n\t\t\t<\/div>\n\t\t\t\n\t\t<\/div>\n\t\t\t\t\t\t<\/div>\n\t\t\t\t<\/div>\n\t\t\t\t<\/div>\n\t\t<div class=\"elementor-element elementor-element-53fd7b79 e-con-full e-flex e-con e-child\" data-id=\"53fd7b79\" data-element_type=\"container\" data-e-type=\"container\">\n\t\t\t\t<div class=\"elementor-element elementor-element-70ca6a15 elementor-icon-list--layout-traditional elementor-list-item-link-full_width elementor-widget elementor-widget-icon-list\" data-id=\"70ca6a15\" data-element_type=\"widget\" data-e-type=\"widget\" data-widget_type=\"icon-list.default\">\n\t\t\t\t\t\t\t<ul class=\"elementor-icon-list-items\">\n\t\t\t\t\t\t\t<li class=\"elementor-icon-list-item\">\n\t\t\t\t\t\t\t\t\t\t\t<a href=\"https:\/\/lnkd.in\/ebH_YmU2\">\n\n\t\t\t\t\t\t\t\t\t\t\t\t<span class=\"elementor-icon-list-icon\">\n\t\t\t\t\t\t\t<svg aria-hidden=\"true\" class=\"e-font-icon-svg e-fas-arrow-alt-circle-right\" viewBox=\"0 0 512 512\" xmlns=\"http:\/\/www.w3.org\/2000\/svg\"><path d=\"M256 8c137 0 248 111 248 248S393 504 256 504 8 393 8 256 119 8 256 8zM140 300h116v70.9c0 10.7 13 16.1 20.5 8.5l114.3-114.9c4.7-4.7 4.7-12.2 0-16.9l-114.3-115c-7.6-7.6-20.5-2.2-20.5 8.5V212H140c-6.6 0-12 5.4-12 12v64c0 6.6 5.4 12 12 12z\"><\/path><\/svg>\t\t\t\t\t\t<\/span>\n\t\t\t\t\t\t\t\t\t\t<span class=\"elementor-icon-list-text\"> T\u00e9l\u00e9chargez le pdf \"72 femmes de sciences pour la Tour Eiffel\" (via LinkedIn)<\/span>\n\t\t\t\t\t\t\t\t\t\t\t<\/a>\n\t\t\t\t\t\t\t\t\t<\/li>\n\t\t\t\t\t\t<\/ul>\n\t\t\t\t\t\t<\/div>\n\t\t\t\t<\/div>\n\t\t\t\t<\/div>\n\t\t\t\t<div class=\"elementor-element elementor-element-11f3ab31 elementor-widget elementor-widget-html\" data-id=\"11f3ab31\" data-element_type=\"widget\" data-e-type=\"widget\" data-widget_type=\"html.default\">\n\t\t\t\t\t<div style=\"border-top: 1px solid #eee; padding-top: 15px; margin-top: 20px; font-family: Arial, sans-serif; font-size: 14px; color: #666;\">\r\n    <div style=\"display: flex; align-items: center; margin-bottom: 5px;\">\r\n        <span style=\"margin-right: 10px; font-weight: bold;\">\ud83c\udff7\ufe0f TAGGU\u00c9 :<\/span>\r\n        <span>Recherche, Projets, International, Financement<\/span>\r\n    <\/div>\r\n    <div style=\"display: flex; align-items: center; margin-bottom: 5px;\">\r\n        <span style=\"margin-right: 10px; font-weight: bold;\">\ud83d\udce7 SOURCES :<\/span>\r\n        <span>cnrs.fr, univ-grenoble-alpes.fr<\/span>\r\n    <\/div>\r\n   <\/div>\r\n\t\t\t\t<\/div>\n\t\t\t\t\t<\/div>\n\t\t\t\t<\/div>\n\t\t\t\t<\/div>\n\t\t","protected":false},"excerpt":{"rendered":"<p>En 2026, 72 noms de femmes de sciences seront appos\u00e9s au premier \u00e9tage de la tour Eiffel \u00e0 c\u00f4t\u00e9 de 72 noms d\u2019hommes de sciences. Ce projet, initi\u00e9 en 2025 par la Ville de Paris, l\u2019association \u00ab\u00a0Femmes &amp; Sciences\u00a0\u00bb pr\u00e9sid\u00e9e par Isabelle VAUGLIN et la Soci\u00e9t\u00e9 d\u2019exploitation de la Tour Eiffel (SETE) pr\u00e9sid\u00e9e par Jean-Fran\u00e7ois [&hellip;]<\/p>\n","protected":false},"author":12,"featured_media":14329,"comment_status":"closed","ping_status":"open","sticky":false,"template":"","format":"standard","meta":{"rs_blank_template":"","rs_page_bg_color":"","slide_template_v7":"","footnotes":""},"categories":[72,73],"tags":[],"class_list":["post-14306","post","type-post","status-publish","format-standard","has-post-thumbnail","hentry","category-actualite","category-communique"],"lang":"fr","translations":{"fr":14306},"pll_sync_post":[],"_links":{"self":[{"href":"https:\/\/intra-dev-2.excellis.org\/index.php?rest_route=\/wp\/v2\/posts\/14306","targetHints":{"allow":["GET"]}}],"collection":[{"href":"https:\/\/intra-dev-2.excellis.org\/index.php?rest_route=\/wp\/v2\/posts"}],"about":[{"href":"https:\/\/intra-dev-2.excellis.org\/index.php?rest_route=\/wp\/v2\/types\/post"}],"author":[{"embeddable":true,"href":"https:\/\/intra-dev-2.excellis.org\/index.php?rest_route=\/wp\/v2\/users\/12"}],"replies":[{"embeddable":true,"href":"https:\/\/intra-dev-2.excellis.org\/index.php?rest_route=%2Fwp%2Fv2%2Fcomments&post=14306"}],"version-history":[{"count":10,"href":"https:\/\/intra-dev-2.excellis.org\/index.php?rest_route=\/wp\/v2\/posts\/14306\/revisions"}],"predecessor-version":[{"id":14330,"href":"https:\/\/intra-dev-2.excellis.org\/index.php?rest_route=\/wp\/v2\/posts\/14306\/revisions\/14330"}],"wp:featuredmedia":[{"embeddable":true,"href":"https:\/\/intra-dev-2.excellis.org\/index.php?rest_route=\/wp\/v2\/media\/14329"}],"wp:attachment":[{"href":"https:\/\/intra-dev-2.excellis.org\/index.php?rest_route=%2Fwp%2Fv2%2Fmedia&parent=14306"}],"wp:term":[{"taxonomy":"category","embeddable":true,"href":"https:\/\/intra-dev-2.excellis.org\/index.php?rest_route=%2Fwp%2Fv2%2Fcategories&post=14306"},{"taxonomy":"post_tag","embeddable":true,"href":"https:\/\/intra-dev-2.excellis.org\/index.php?rest_route=%2Fwp%2Fv2%2Ftags&post=14306"}],"curies":[{"name":"wp","href":"https:\/\/api.w.org\/{rel}","templated":true}]}}