{"id":14431,"date":"2025-04-30T10:47:57","date_gmt":"2025-04-30T08:47:57","guid":{"rendered":"https:\/\/intra-dev-2.excellis.org\/?p=14431"},"modified":"2026-03-04T10:49:03","modified_gmt":"2026-03-04T09:49:03","slug":"fete-de-la-science-2025-il-est-temps-de-se-preparer","status":"publish","type":"post","link":"https:\/\/intra-dev-2.excellis.org\/?p=14431","title":{"rendered":"F\u00eate de la science 2025, il est temps de se pr\u00e9parer !"},"content":{"rendered":"\t\t<div data-elementor-type=\"wp-post\" data-elementor-id=\"14431\" class=\"elementor elementor-14431\" data-elementor-post-type=\"post\">\n\t\t\t\t<div class=\"elementor-element elementor-element-27fb4efe e-flex e-con-boxed e-con e-parent\" data-id=\"27fb4efe\" data-element_type=\"container\" data-e-type=\"container\">\n\t\t\t\t\t<div class=\"e-con-inner\">\n\t\t\t\t<div class=\"elementor-element elementor-element-47cf1bbb elementor-widget elementor-widget-text-editor\" data-id=\"47cf1bbb\" data-element_type=\"widget\" data-e-type=\"widget\" data-widget_type=\"text-editor.default\">\n\t\t\t\t\t\t\t\t\t<p>L&rsquo;\u00e9dition 2025 de la F\u00eate de la Science aura lieu <strong>du lundi 6 au vendredi 10 Octobre 2025, <\/strong>partout en France. Les missions \u00ab\u00a0Communication\u00a0\u00bb et \u00ab\u00a0M\u00e9diation scientifique et culturelle\u00a0\u00bb du GIPSA-lab se proposent de vous aider \u00e0 participer \u00e0 l&rsquo;\u00e9v\u00e8nement, que ce soit dans nos locaux (scolaires le jeudi et le vendredi) ou dans les autres cadres propos\u00e9s sur le site du CNRS, \u00e0 Valence, lors de conf\u00e9rences pour le grand-public, en format <strong>speed-dating <\/strong>pour les doctorantes et doctorants&#8230;<\/p><p>Le th\u00e8me national est <strong>\u00ab<\/strong>\u00a0<strong>Intelligence(s)\u00a0\u00bb,<\/strong> recouvrant notamment les notions d&rsquo;Intelligence et cognition, d&rsquo;Intelligence Artificielle, d&rsquo;Intelligence logico-math\u00e9matiques&#8230; mais tous les sujets peuvent \u00eatre pr\u00e9sent\u00e9s !<\/p><p>Si vous souhaitez participer, m\u00eame si vous n&rsquo;\u00eates pas certains de votre emploi du temps \u00e0 la rentr\u00e9e, n&rsquo;h\u00e9sitez-pas \u00e0 contacter la <a href=\"mailto:communication@gipsa-lab.grenoble-inp.fr\">Cellule Communication<\/a> au plus t\u00f4t. Nous pourrons ensuite \u00e9changer sur les modalit\u00e9s de votre participation, que ce soit \u00e0 Grenoble ou \u00e0 Valence&#8230;<\/p>\t\t\t\t\t\t\t\t<\/div>\n\t\t\t\t<div class=\"elementor-element elementor-element-96299eb elementor-widget-divider--view-line elementor-widget elementor-widget-divider\" data-id=\"96299eb\" data-element_type=\"widget\" data-e-type=\"widget\" data-widget_type=\"divider.default\">\n\t\t\t\t\t\t\t<div class=\"elementor-divider\">\n\t\t\t<span class=\"elementor-divider-separator\">\n\t\t\t\t\t\t<\/span>\n\t\t<\/div>\n\t\t\t\t\t\t<\/div>\n\t\t\t\t<div class=\"elementor-element elementor-element-19452770 elementor-widget elementor-widget-text-editor\" data-id=\"19452770\" data-element_type=\"widget\" data-e-type=\"widget\" data-widget_type=\"text-editor.default\">\n\t\t\t\t\t\t\t\t\t<p>Concernant <strong>le jeudi 9 et le vendredi 10 (visites et d\u00e9mos au labo) :<\/strong><\/p><p>C&rsquo;est une belle occasion d&rsquo;accueillir des jeunes (du primaire au lyc\u00e9e) dans nos locaux pour \u00e9veiller leur curiosit\u00e9 pour les sciences.<br \/>Il s&rsquo;agirait de pr\u00e9senter un th\u00e8me de recherche en s&rsquo;appuyant sur un poster \/ un diaporama \/ une vid\u00e9o \/ une d\u00e9monstration (simulation ou maquette), mais tous les formats et th\u00e8mes sont les bienvenus !!!<\/p>\t\t\t\t\t\t\t\t<\/div>\n\t\t\t\t<div class=\"elementor-element elementor-element-4f50b589 elementor-widget elementor-widget-html\" data-id=\"4f50b589\" data-element_type=\"widget\" data-e-type=\"widget\" data-widget_type=\"html.default\">\n\t\t\t\t\t<div style=\"border-top: 1px solid #eee; padding-top: 15px; margin-top: 20px; font-family: Arial, sans-serif; font-size: 14px; color: #666;\">\r\n    <div style=\"display: flex; align-items: center; margin-bottom: 5px;\">\r\n        <span style=\"margin-right: 10px; font-weight: bold;\">\ud83c\udff7\ufe0f TAGGU\u00c9 :<\/span>\r\n        <span>Recherche, Projets, International, Financement<\/span>\r\n    <\/div>\r\n    <div style=\"display: flex; align-items: center; margin-bottom: 5px;\">\r\n        <span style=\"margin-right: 10px; font-weight: bold;\">\ud83d\udce7 SOURCES :<\/span>\r\n        <span>cnrs.fr, univ-grenoble-alpes.fr<\/span>\r\n    <\/div>\r\n   <\/div>\r\n\t\t\t\t<\/div>\n\t\t\t\t\t<\/div>\n\t\t\t\t<\/div>\n\t\t\t\t<\/div>\n\t\t","protected":false},"excerpt":{"rendered":"<p>L&rsquo;\u00e9dition 2025 de la F\u00eate de la Science aura lieu du lundi 6 au vendredi 10 Octobre 2025, partout en France. Les missions \u00ab\u00a0Communication\u00a0\u00bb et \u00ab\u00a0M\u00e9diation scientifique et culturelle\u00a0\u00bb du GIPSA-lab se proposent de vous aider \u00e0 participer \u00e0 l&rsquo;\u00e9v\u00e8nement, que ce soit dans nos locaux (scolaires le jeudi et le vendredi) ou dans les [&hellip;]<\/p>\n","protected":false},"author":12,"featured_media":14432,"comment_status":"closed","ping_status":"open","sticky":false,"template":"","format":"standard","meta":{"rs_blank_template":"","rs_page_bg_color":"","slide_template_v7":"","footnotes":""},"categories":[72,77],"tags":[],"class_list":["post-14431","post","type-post","status-publish","format-standard","has-post-thumbnail","hentry","category-actualite","category-interne"],"lang":"fr","translations":{"fr":14431},"pll_sync_post":[],"_links":{"self":[{"href":"https:\/\/intra-dev-2.excellis.org\/index.php?rest_route=\/wp\/v2\/posts\/14431","targetHints":{"allow":["GET"]}}],"collection":[{"href":"https:\/\/intra-dev-2.excellis.org\/index.php?rest_route=\/wp\/v2\/posts"}],"about":[{"href":"https:\/\/intra-dev-2.excellis.org\/index.php?rest_route=\/wp\/v2\/types\/post"}],"author":[{"embeddable":true,"href":"https:\/\/intra-dev-2.excellis.org\/index.php?rest_route=\/wp\/v2\/users\/12"}],"replies":[{"embeddable":true,"href":"https:\/\/intra-dev-2.excellis.org\/index.php?rest_route=%2Fwp%2Fv2%2Fcomments&post=14431"}],"version-history":[{"count":4,"href":"https:\/\/intra-dev-2.excellis.org\/index.php?rest_route=\/wp\/v2\/posts\/14431\/revisions"}],"predecessor-version":[{"id":14436,"href":"https:\/\/intra-dev-2.excellis.org\/index.php?rest_route=\/wp\/v2\/posts\/14431\/revisions\/14436"}],"wp:featuredmedia":[{"embeddable":true,"href":"https:\/\/intra-dev-2.excellis.org\/index.php?rest_route=\/wp\/v2\/media\/14432"}],"wp:attachment":[{"href":"https:\/\/intra-dev-2.excellis.org\/index.php?rest_route=%2Fwp%2Fv2%2Fmedia&parent=14431"}],"wp:term":[{"taxonomy":"category","embeddable":true,"href":"https:\/\/intra-dev-2.excellis.org\/index.php?rest_route=%2Fwp%2Fv2%2Fcategories&post=14431"},{"taxonomy":"post_tag","embeddable":true,"href":"https:\/\/intra-dev-2.excellis.org\/index.php?rest_route=%2Fwp%2Fv2%2Ftags&post=14431"}],"curies":[{"name":"wp","href":"https:\/\/api.w.org\/{rel}","templated":true}]}}