{"id":14446,"date":"2025-10-15T12:00:04","date_gmt":"2025-10-15T10:00:04","guid":{"rendered":"https:\/\/intra-dev-2.excellis.org\/?p=14446"},"modified":"2026-03-04T12:01:31","modified_gmt":"2026-03-04T11:01:31","slug":"bienvenue-a-claire-delattre-toulotte","status":"publish","type":"post","link":"https:\/\/intra-dev-2.excellis.org\/?p=14446","title":{"rendered":"Bienvenue \u00e0 Claire DELATTRE-TOULOTTE"},"content":{"rendered":"\t\t<div data-elementor-type=\"wp-post\" data-elementor-id=\"14446\" class=\"elementor elementor-14446\" data-elementor-post-type=\"post\">\n\t\t\t\t<div class=\"elementor-element elementor-element-91307a1 e-flex e-con-boxed e-con e-parent\" data-id=\"91307a1\" data-element_type=\"container\" data-e-type=\"container\">\n\t\t\t\t\t<div class=\"e-con-inner\">\n\t\t\t\t<div class=\"elementor-element elementor-element-4b6fe628 elementor-widget elementor-widget-text-editor\" data-id=\"4b6fe628\" data-element_type=\"widget\" data-e-type=\"widget\" data-widget_type=\"text-editor.default\">\n\t\t\t\t\t\t\t\t\t<p>Claire DELATTRE-TOULOTTE a rejoint l&rsquo;\u00e9quipe MOVE et l&rsquo;UGA-STAPS depuis septembre, apr\u00e8s avoir exerc\u00e9e 15 ans en tant que MCF\u00a0\u00e0 la Facult\u00e9 des Sports et de l\u2019\u00c9ducation Physique de Li\u00e9vin (Universit\u00e9 d&rsquo;Artois).\u00a0Bienvenue \u00e0 elle !\u00a0<\/p>\t\t\t\t\t\t\t\t<\/div>\n\t\t\t\t<div class=\"elementor-element elementor-element-11672434 elementor-widget elementor-widget-heading\" data-id=\"11672434\" data-element_type=\"widget\" data-e-type=\"widget\" data-widget_type=\"heading.default\">\n\t\t\t\t\t<h2 class=\"elementor-heading-title elementor-size-default\">A propos de Claire DELATTRE-TOULOTTE<\/h2>\t\t\t\t<\/div>\n\t\t\t\t<div class=\"elementor-element elementor-element-45eca58e elementor-widget elementor-widget-text-editor\" data-id=\"45eca58e\" data-element_type=\"widget\" data-e-type=\"widget\" data-widget_type=\"text-editor.default\">\n\t\t\t\t\t\t\t\t\t<p>Ses recherches s&rsquo;attachent notamment \u00e0 la\u00a0<strong>pr\u00e9vention et \u00e0 l\u2019am\u00e9lioration de la qualit\u00e9 de vie des publics vuln\u00e9rables<\/strong>. Ses travaux portent sur l\u2019analyse biom\u00e9canique de l\u2019\u00e9quilibre et de l\u2019endurance afin de d\u00e9tecter des d\u00e9ficits moteurs et proposer des programmes de r\u00e9entra\u00eenement adapt\u00e9s. Elle a notamment \u00e9tudi\u00e9 la pr\u00e9vention des chutes chez les seniors, le contr\u00f4le moteur chez les scoliotiques et l\u2019activit\u00e9 physique chez les lombalgiques chroniques. Elle consacre ses travaux \u00e0 l\u2019individualisation de l\u2019entra\u00eenement et \u00e0 ses effets sur la sant\u00e9.\u00a0<\/p><p>Pour en savoir plus sur ses activit\u00e9s de recherche, d\u00e9couvrez son dernier article paru :\u00a0<\/p>\t\t\t\t\t\t\t\t<\/div>\n\t\t<div class=\"elementor-element elementor-element-62683de0 e-con-full e-flex e-con e-child\" data-id=\"62683de0\" data-element_type=\"container\" data-e-type=\"container\">\n\t\t<div class=\"elementor-element elementor-element-72b55076 e-con-full e-flex e-con e-child\" data-id=\"72b55076\" data-element_type=\"container\" data-e-type=\"container\">\n\t\t\t\t<div class=\"elementor-element elementor-element-3e7adb5e elementor-widget elementor-widget-image\" data-id=\"3e7adb5e\" data-element_type=\"widget\" data-e-type=\"widget\" data-widget_type=\"image.default\">\n\t\t\t\t\t\t\t\t\t\t\t\t\t\t\t<img decoding=\"async\" width=\"186\" height=\"240\" src=\"https:\/\/intra-dev-2.excellis.org\/wp-content\/uploads\/2026\/01\/medium.png\" class=\"attachment-large size-large wp-image-9897\" alt=\"\" \/>\t\t\t\t\t\t\t\t\t\t\t\t\t\t\t<\/div>\n\t\t\t\t<\/div>\n\t\t<div class=\"elementor-element elementor-element-6263f2c4 e-con-full e-flex e-con e-child\" data-id=\"6263f2c4\" data-element_type=\"container\" data-e-type=\"container\">\n\t\t\t\t<div class=\"elementor-element elementor-element-6f9f386d elementor-widget elementor-widget-heading\" data-id=\"6f9f386d\" data-element_type=\"widget\" data-e-type=\"widget\" data-widget_type=\"heading.default\">\n\t\t\t\t\t<h3 class=\"elementor-heading-title elementor-size-default\">Intelligence artificielle et lombalgie chronique : une approche multidimensionnelle pour personnaliser les soins de r\u00e9\u00e9ducation<\/h3>\t\t\t\t<\/div>\n\t\t\t\t<div class=\"elementor-element elementor-element-58673da0 elementor-widget elementor-widget-text-editor\" data-id=\"58673da0\" data-element_type=\"widget\" data-e-type=\"widget\" data-widget_type=\"text-editor.default\">\n\t\t\t\t\t\t\t\t\t<p><strong>Charles Monnoyer de Galland, Renato Vizuete, Julien M. Hendrickx, Paolo Frasca, Elena Panteley<\/strong><br \/>Steven Crombecque, Isabelle Caby, Claire Toulotte<\/p><p><a class=\"ext\" title=\"(opens in a new window)\" href=\"https:\/\/hal.science\/hal-04936750v1\" target=\"_blank\" rel=\"noopener noreferrer\" data-extlink=\"\"><span class=\"badge\">HAL<\/span>\u00a0hal-04936750v1<\/a><\/p>\t\t\t\t\t\t\t\t<\/div>\n\t\t\t\t<\/div>\n\t\t\t\t<\/div>\n\t\t\t\t<div class=\"elementor-element elementor-element-1b1c0a10 elementor-widget elementor-widget-html\" data-id=\"1b1c0a10\" data-element_type=\"widget\" data-e-type=\"widget\" data-widget_type=\"html.default\">\n\t\t\t\t\t<div style=\"border-top: 1px solid #eee; padding-top: 15px; margin-top: 20px; font-family: Arial, sans-serif; font-size: 14px; color: #666;\">\r\n    <div style=\"display: flex; align-items: center; margin-bottom: 5px;\">\r\n        <span style=\"margin-right: 10px; font-weight: bold;\">\ud83c\udff7\ufe0f TAGGU\u00c9 :<\/span>\r\n        <span>Recherche, Projets, International, Financement<\/span>\r\n    <\/div>\r\n    <div style=\"display: flex; align-items: center; margin-bottom: 5px;\">\r\n        <span style=\"margin-right: 10px; font-weight: bold;\">\ud83d\udce7 SOURCES :<\/span>\r\n        <span>cnrs.fr, univ-grenoble-alpes.fr<\/span>\r\n    <\/div>\r\n   <\/div>\r\n\t\t\t\t<\/div>\n\t\t\t\t\t<\/div>\n\t\t\t\t<\/div>\n\t\t\t\t<\/div>\n\t\t","protected":false},"excerpt":{"rendered":"<p>Claire DELATTRE-TOULOTTE a rejoint l&rsquo;\u00e9quipe MOVE et l&rsquo;UGA-STAPS depuis septembre, apr\u00e8s avoir exerc\u00e9e 15 ans en tant que MCF\u00a0\u00e0 la Facult\u00e9 des Sports et de l\u2019\u00c9ducation Physique de Li\u00e9vin (Universit\u00e9 d&rsquo;Artois).\u00a0Bienvenue \u00e0 elle !\u00a0 A propos de Claire DELATTRE-TOULOTTE Ses recherches s&rsquo;attachent notamment \u00e0 la\u00a0pr\u00e9vention et \u00e0 l\u2019am\u00e9lioration de la qualit\u00e9 de vie des publics [&hellip;]<\/p>\n","protected":false},"author":12,"featured_media":14447,"comment_status":"closed","ping_status":"open","sticky":false,"template":"","format":"standard","meta":{"rs_blank_template":"","rs_page_bg_color":"","slide_template_v7":"","footnotes":""},"categories":[72,77],"tags":[],"class_list":["post-14446","post","type-post","status-publish","format-standard","has-post-thumbnail","hentry","category-actualite","category-interne"],"lang":"fr","translations":{"fr":14446},"pll_sync_post":[],"_links":{"self":[{"href":"https:\/\/intra-dev-2.excellis.org\/index.php?rest_route=\/wp\/v2\/posts\/14446","targetHints":{"allow":["GET"]}}],"collection":[{"href":"https:\/\/intra-dev-2.excellis.org\/index.php?rest_route=\/wp\/v2\/posts"}],"about":[{"href":"https:\/\/intra-dev-2.excellis.org\/index.php?rest_route=\/wp\/v2\/types\/post"}],"author":[{"embeddable":true,"href":"https:\/\/intra-dev-2.excellis.org\/index.php?rest_route=\/wp\/v2\/users\/12"}],"replies":[{"embeddable":true,"href":"https:\/\/intra-dev-2.excellis.org\/index.php?rest_route=%2Fwp%2Fv2%2Fcomments&post=14446"}],"version-history":[{"count":4,"href":"https:\/\/intra-dev-2.excellis.org\/index.php?rest_route=\/wp\/v2\/posts\/14446\/revisions"}],"predecessor-version":[{"id":14451,"href":"https:\/\/intra-dev-2.excellis.org\/index.php?rest_route=\/wp\/v2\/posts\/14446\/revisions\/14451"}],"wp:featuredmedia":[{"embeddable":true,"href":"https:\/\/intra-dev-2.excellis.org\/index.php?rest_route=\/wp\/v2\/media\/14447"}],"wp:attachment":[{"href":"https:\/\/intra-dev-2.excellis.org\/index.php?rest_route=%2Fwp%2Fv2%2Fmedia&parent=14446"}],"wp:term":[{"taxonomy":"category","embeddable":true,"href":"https:\/\/intra-dev-2.excellis.org\/index.php?rest_route=%2Fwp%2Fv2%2Fcategories&post=14446"},{"taxonomy":"post_tag","embeddable":true,"href":"https:\/\/intra-dev-2.excellis.org\/index.php?rest_route=%2Fwp%2Fv2%2Ftags&post=14446"}],"curies":[{"name":"wp","href":"https:\/\/api.w.org\/{rel}","templated":true}]}}