{"id":14472,"date":"2026-03-04T18:45:36","date_gmt":"2026-03-04T17:45:36","guid":{"rendered":"https:\/\/intra-dev-2.excellis.org\/?p=14472"},"modified":"2026-03-04T18:46:04","modified_gmt":"2026-03-04T17:46:04","slug":"mcf-en-psychologie-cognitive","status":"publish","type":"post","link":"https:\/\/intra-dev-2.excellis.org\/?p=14472","title":{"rendered":"MCF en Psychologie Cognitive"},"content":{"rendered":"\t\t<div data-elementor-type=\"wp-post\" data-elementor-id=\"14472\" class=\"elementor elementor-14472\" data-elementor-post-type=\"post\">\n\t\t\t\t<div class=\"elementor-element elementor-element-14eb08ca e-flex e-con-boxed e-con e-parent\" data-id=\"14eb08ca\" data-element_type=\"container\" data-e-type=\"container\">\n\t\t\t\t\t<div class=\"e-con-inner\">\n\t\t<div class=\"elementor-element elementor-element-74925b4e e-con-full e-flex e-con e-child\" data-id=\"74925b4e\" data-element_type=\"container\" data-e-type=\"container\">\n\t\t\t\t<div class=\"elementor-element elementor-element-a6d057e elementor-widget elementor-widget-text-editor\" data-id=\"a6d057e\" data-element_type=\"widget\" data-e-type=\"widget\" data-widget_type=\"text-editor.default\">\n\t\t\t\t\t\t\t\t\t<p>Un poste de MCF section 16 est propos\u00e9 par l&rsquo;UGA\/UFR SHS et GIPSA-lab, sur le th\u00e8me \u00ab\u00a0Psychologie Cognitive\u00a0\u00bb, pour la rentr\u00e9e 2026.\u00a0<\/p><p>\u00a0<\/p>\t\t\t\t\t\t\t\t<\/div>\n\t\t\t\t<div class=\"elementor-element elementor-element-9fc9006 elementor-widget elementor-widget-heading\" data-id=\"9fc9006\" data-element_type=\"widget\" data-e-type=\"widget\" data-widget_type=\"heading.default\">\n\t\t\t\t\t<h3 class=\"elementor-heading-title elementor-size-default\">Profil de recherche scientifique au GIPSA-lab<\/h3>\t\t\t\t<\/div>\n\t\t\t\t<div class=\"elementor-element elementor-element-30fccaf elementor-widget elementor-widget-text-editor\" data-id=\"30fccaf\" data-element_type=\"widget\" data-e-type=\"widget\" data-widget_type=\"text-editor.default\">\n\t\t\t\t\t\t\t\t\t<p>La personne recrut\u00e9e d\u00e9veloppera un travail de recherche sur les processus cognitifs impliqu\u00e9s dans le contr\u00f4le du mouvement au sens large et dans la perception (multi-)sensorielle, qu\u2019elle soit visuelle, auditive ou kinesth\u00e9tique. Des connaissances sur les processus d\u2019apprentissage, de m\u00e9moire et de perception spatiale seront bienvenues dans la perspective d\u2019un \u00e9largissement des th\u00e9matiques et des comp\u00e9tences au sein de l\u2019\u00e9quipe d\u2019accueil. Les travaux s&rsquo;appuieront sur des approches exp\u00e9rimentales : mesures comportementales (capture de mouvement, oculom\u00e9trie, enregistrements audio ou vid\u00e9o&#8230;) et\/ou neurophysiologiques (EEG, EMG, IRMf, MEG, TMS, tDCS\u2026) chez l\u2019humain, que ce soit sur des participants neurotypiques ou c\u00e9r\u00e9bro-l\u00e9s\u00e9s, adultes ou enfants. Une exp\u00e9rience dans le traitement du signal, l\u2019analyse multimodale des donn\u00e9es et\/ou la mod\u00e9lisation math\u00e9matique et computationnelle sera consid\u00e9r\u00e9e comme un avantage. La personne recrut\u00e9e s\u2019ins\u00e9rera dans un des axes de recherches du laboratoire li\u00e9s \u00e0 la cognition (vision, mouvement, langage), tout en y apportant une contribution scientifique originale, susceptible de favoriser les synergies interdisciplinaires au sein de l&rsquo;unit\u00e9.<\/p>\t\t\t\t\t\t\t\t<\/div>\n\t\t\t\t<div class=\"elementor-element elementor-element-b15eeb4 elementor-widget elementor-widget-heading\" data-id=\"b15eeb4\" data-element_type=\"widget\" data-e-type=\"widget\" data-widget_type=\"heading.default\">\n\t\t\t\t\t<h3 class=\"elementor-heading-title elementor-size-default\">Contact recherche<\/h3>\t\t\t\t<\/div>\n\t\t\t\t<div class=\"elementor-element elementor-element-1f1ec62 elementor-widget elementor-widget-ova_contact_info\" data-id=\"1f1ec62\" data-element_type=\"widget\" data-e-type=\"widget\" data-widget_type=\"ova_contact_info.default\">\n\t\t\t\t<div class=\"elementor-widget-container\">\n\t\t\t\t\t\t\t<div class=\"ova-contact-info type1\">\n\n\t\t\t<div class=\"icon\">\n\t\t\t\t<i data-feather=\"mail\"><\/i>\t\t\t<\/div>\n\n\t\t\t\t\t\t\t<div class=\"address\">\n\t\t\t\t\t\t\t\t\t\t\t\t\t\t\t<span class=\"text_link\"><a href='mailto:mailto:nicolas.marchand@gipsa\u2010lab.fr'>Nicolas MARCHAND (Directeur du laboratoire)<\/a><\/span>\n\t\t\t\t<\/div>\n\t\t\t\t\t\t\n\t\t<\/div>\n\t\t\t\t\t\t<\/div>\n\t\t\t\t<\/div>\n\t\t\t\t<\/div>\n\t\t\t\t\t<\/div>\n\t\t\t\t<\/div>\n\t\t<div class=\"elementor-element elementor-element-37542347 e-flex e-con-boxed e-con e-parent\" data-id=\"37542347\" data-element_type=\"container\" data-e-type=\"container\">\n\t\t\t\t\t<div class=\"e-con-inner\">\n\t\t<div class=\"elementor-element elementor-element-3cffe35f e-con-full e-flex e-con e-child\" data-id=\"3cffe35f\" data-element_type=\"container\" data-e-type=\"container\">\n\t\t<div class=\"elementor-element elementor-element-29043776 e-con-full e-flex e-con e-child\" data-id=\"29043776\" data-element_type=\"container\" data-e-type=\"container\" data-settings=\"{&quot;background_background&quot;:&quot;classic&quot;}\">\n\t\t\t\t<div class=\"elementor-element elementor-element-2c2408c1 elementor-view-default elementor-position-block-start elementor-mobile-position-block-start elementor-widget elementor-widget-icon-box\" data-id=\"2c2408c1\" data-element_type=\"widget\" data-e-type=\"widget\" data-widget_type=\"icon-box.default\">\n\t\t\t\t\t\t\t<div class=\"elementor-icon-box-wrapper\">\n\n\t\t\t\t\t\t<div class=\"elementor-icon-box-icon\">\n\t\t\t\t<span  class=\"elementor-icon\">\n\t\t\t\t<svg aria-hidden=\"true\" class=\"e-font-icon-svg e-fab-readme\" viewBox=\"0 0 576 512\" xmlns=\"http:\/\/www.w3.org\/2000\/svg\"><path d=\"M528.3 46.5H388.5c-48.1 0-89.9 33.3-100.4 80.3-10.6-47-52.3-80.3-100.4-80.3H48c-26.5 0-48 21.5-48 48v245.8c0 26.5 21.5 48 48 48h89.7c102.2 0 132.7 24.4 147.3 75 .7 2.8 5.2 2.8 6 0 14.7-50.6 45.2-75 147.3-75H528c26.5 0 48-21.5 48-48V94.6c0-26.4-21.3-47.9-47.7-48.1zM242 311.9c0 1.9-1.5 3.5-3.5 3.5H78.2c-1.9 0-3.5-1.5-3.5-3.5V289c0-1.9 1.5-3.5 3.5-3.5h160.4c1.9 0 3.5 1.5 3.5 3.5v22.9zm0-60.9c0 1.9-1.5 3.5-3.5 3.5H78.2c-1.9 0-3.5-1.5-3.5-3.5v-22.9c0-1.9 1.5-3.5 3.5-3.5h160.4c1.9 0 3.5 1.5 3.5 3.5V251zm0-60.9c0 1.9-1.5 3.5-3.5 3.5H78.2c-1.9 0-3.5-1.5-3.5-3.5v-22.9c0-1.9 1.5-3.5 3.5-3.5h160.4c1.9 0 3.5 1.5 3.5 3.5v22.9zm259.3 121.7c0 1.9-1.5 3.5-3.5 3.5H337.5c-1.9 0-3.5-1.5-3.5-3.5v-22.9c0-1.9 1.5-3.5 3.5-3.5h160.4c1.9 0 3.5 1.5 3.5 3.5v22.9zm0-60.9c0 1.9-1.5 3.5-3.5 3.5H337.5c-1.9 0-3.5-1.5-3.5-3.5V228c0-1.9 1.5-3.5 3.5-3.5h160.4c1.9 0 3.5 1.5 3.5 3.5v22.9zm0-60.9c0 1.9-1.5 3.5-3.5 3.5H337.5c-1.9 0-3.5-1.5-3.5-3.5v-22.8c0-1.9 1.5-3.5 3.5-3.5h160.4c1.9 0 3.5 1.5 3.5 3.5V190z\"><\/path><\/svg>\t\t\t\t<\/span>\n\t\t\t<\/div>\n\t\t\t\n\t\t\t\t\t\t<div class=\"elementor-icon-box-content\">\n\n\t\t\t\t\t\t\t\t\t<h3 class=\"elementor-icon-box-title\">\n\t\t\t\t\t\t<span  >\n\t\t\t\t\t\t\tEn savoir plus\t\t\t\t\t\t<\/span>\n\t\t\t\t\t<\/h3>\n\t\t\t\t\n\t\t\t\t\n\t\t\t<\/div>\n\t\t\t\n\t\t<\/div>\n\t\t\t\t\t\t<\/div>\n\t\t\t\t<\/div>\n\t\t\t\t<\/div>\n\t\t<div class=\"elementor-element elementor-element-52a96da0 e-con-full e-flex e-con e-child\" data-id=\"52a96da0\" data-element_type=\"container\" data-e-type=\"container\">\n\t\t\t\t<div class=\"elementor-element elementor-element-c039628 elementor-icon-list--layout-traditional elementor-list-item-link-full_width elementor-widget elementor-widget-icon-list\" data-id=\"c039628\" data-element_type=\"widget\" data-e-type=\"widget\" data-widget_type=\"icon-list.default\">\n\t\t\t\t\t\t\t<ul class=\"elementor-icon-list-items\">\n\t\t\t\t\t\t\t<li class=\"elementor-icon-list-item\">\n\t\t\t\t\t\t\t\t\t\t\t<a href=\"https:\/\/emploi.univ-grenoble-alpes.fr\/concours\/enseignants-chercheurs-\/postes-mcf-2026-1197642.kjsp?RH=1633530438110\">\n\n\t\t\t\t\t\t\t\t\t\t\t\t<span class=\"elementor-icon-list-icon\">\n\t\t\t\t\t\t\t<svg aria-hidden=\"true\" class=\"e-font-icon-svg e-fas-arrow-alt-circle-right\" viewBox=\"0 0 512 512\" xmlns=\"http:\/\/www.w3.org\/2000\/svg\"><path d=\"M256 8c137 0 248 111 248 248S393 504 256 504 8 393 8 256 119 8 256 8zM140 300h116v70.9c0 10.7 13 16.1 20.5 8.5l114.3-114.9c4.7-4.7 4.7-12.2 0-16.9l-114.3-115c-7.6-7.6-20.5-2.2-20.5 8.5V212H140c-6.6 0-12 5.4-12 12v64c0 6.6 5.4 12 12 12z\"><\/path><\/svg>\t\t\t\t\t\t<\/span>\n\t\t\t\t\t\t\t\t\t\t<span class=\"elementor-icon-list-text\">Acc\u00e8der au descriptif du poste et aux modalit\u00e9s de candidature sur le\u00a0site de l'UGA\u00a0(Num\u00e9ro Odys\u00e9e : 261742)<\/span>\n\t\t\t\t\t\t\t\t\t\t\t<\/a>\n\t\t\t\t\t\t\t\t\t<\/li>\n\t\t\t\t\t\t<\/ul>\n\t\t\t\t\t\t<\/div>\n\t\t\t\t<\/div>\n\t\t\t\t\t<\/div>\n\t\t\t\t<\/div>\n\t\t\t\t<\/div>\n\t\t","protected":false},"excerpt":{"rendered":"<p>Un poste de MCF section 16 est propos\u00e9 par l&rsquo;UGA\/UFR SHS et GIPSA-lab, sur le th\u00e8me \u00ab\u00a0Psychologie Cognitive\u00a0\u00bb, pour la rentr\u00e9e 2026.\u00a0 \u00a0 Profil de recherche scientifique au GIPSA-lab La personne recrut\u00e9e d\u00e9veloppera un travail de recherche sur les processus cognitifs impliqu\u00e9s dans le contr\u00f4le du mouvement au sens large et dans la perception (multi-)sensorielle, [&hellip;]<\/p>\n","protected":false},"author":12,"featured_media":14170,"comment_status":"closed","ping_status":"open","sticky":false,"template":"","format":"standard","meta":{"rs_blank_template":"","rs_page_bg_color":"","slide_template_v7":"","footnotes":""},"categories":[72,74,482,203],"tags":[],"class_list":["post-14472","post","type-post","status-publish","format-standard","has-post-thumbnail","hentry","category-actualite","category-externe","category-mcf___fr","category-offre_emploi"],"lang":"fr","translations":{"fr":14472},"pll_sync_post":[],"_links":{"self":[{"href":"https:\/\/intra-dev-2.excellis.org\/index.php?rest_route=\/wp\/v2\/posts\/14472","targetHints":{"allow":["GET"]}}],"collection":[{"href":"https:\/\/intra-dev-2.excellis.org\/index.php?rest_route=\/wp\/v2\/posts"}],"about":[{"href":"https:\/\/intra-dev-2.excellis.org\/index.php?rest_route=\/wp\/v2\/types\/post"}],"author":[{"embeddable":true,"href":"https:\/\/intra-dev-2.excellis.org\/index.php?rest_route=\/wp\/v2\/users\/12"}],"replies":[{"embeddable":true,"href":"https:\/\/intra-dev-2.excellis.org\/index.php?rest_route=%2Fwp%2Fv2%2Fcomments&post=14472"}],"version-history":[{"count":4,"href":"https:\/\/intra-dev-2.excellis.org\/index.php?rest_route=\/wp\/v2\/posts\/14472\/revisions"}],"predecessor-version":[{"id":14476,"href":"https:\/\/intra-dev-2.excellis.org\/index.php?rest_route=\/wp\/v2\/posts\/14472\/revisions\/14476"}],"wp:featuredmedia":[{"embeddable":true,"href":"https:\/\/intra-dev-2.excellis.org\/index.php?rest_route=\/wp\/v2\/media\/14170"}],"wp:attachment":[{"href":"https:\/\/intra-dev-2.excellis.org\/index.php?rest_route=%2Fwp%2Fv2%2Fmedia&parent=14472"}],"wp:term":[{"taxonomy":"category","embeddable":true,"href":"https:\/\/intra-dev-2.excellis.org\/index.php?rest_route=%2Fwp%2Fv2%2Fcategories&post=14472"},{"taxonomy":"post_tag","embeddable":true,"href":"https:\/\/intra-dev-2.excellis.org\/index.php?rest_route=%2Fwp%2Fv2%2Ftags&post=14472"}],"curies":[{"name":"wp","href":"https:\/\/api.w.org\/{rel}","templated":true}]}}