{"id":14513,"date":"2025-07-04T11:12:16","date_gmt":"2025-07-04T09:12:16","guid":{"rendered":"https:\/\/intra-dev-2.excellis.org\/?p=14513"},"modified":"2026-03-09T11:17:37","modified_gmt":"2026-03-09T10:17:37","slug":"une-premiere-mondiale-dans-le-street-art-a-grenoble","status":"publish","type":"post","link":"https:\/\/intra-dev-2.excellis.org\/?p=14513","title":{"rendered":"Une premi\u00e8re mondiale dans le Street Art \u00e0 Grenoble"},"content":{"rendered":"\t\t<div data-elementor-type=\"wp-post\" data-elementor-id=\"14513\" class=\"elementor elementor-14513\" data-elementor-post-type=\"post\">\n\t\t\t\t<div class=\"elementor-element elementor-element-4a667a90 e-flex e-con-boxed e-con e-parent\" data-id=\"4a667a90\" data-element_type=\"container\" data-e-type=\"container\">\n\t\t\t\t\t<div class=\"e-con-inner\">\n\t\t\t\t<div class=\"elementor-element elementor-element-5ec5dbbe elementor-widget elementor-widget-text-editor\" data-id=\"5ec5dbbe\" data-element_type=\"widget\" data-e-type=\"widget\" data-widget_type=\"text-editor.default\">\n\t\t\t\t\t\t\t\t\t<p>Une premi\u00e8re mondiale pour la 11<sup>e<\/sup> \u00e9dition du Street Art Fest Grenoble-Alpes\u00a0: une fresque cr\u00e9\u00e9e par l\u2019artiste KAN et peinte par un robot a\u00e9rien autonome\u00a0! Le 27 juin, <a class=\"ext\" title=\"France3 r\u00e9gion (opens in a new window)\" href=\"https:\/\/france3-regions.franceinfo.fr\/auvergne-rhone-alpes\/isere\/grenoble\/video-c-est-une-premiere-mondiale-a-grenoble-une-fresque-de-street-art-peinte-par-un-drone-3179355.html\" target=\"_blank\" rel=\"noopener noreferrer\" data-extlink=\"\">France3-r\u00e9gions\u00a0<\/a>est venue filmer le robot a\u00e9rien autonome en pleine action. Ce robot, con\u00e7u dans le cadre du projet ANR STRAD impliquant Spacejunk, organisateur du festival, la soci\u00e9t\u00e9 Polyvionics et les laboratoires GIPSA-lab (CNRS, Grenoble-INP, UGA) et ICube (CNRS, Universit\u00e9 de Strasbourg, INSA, ENGEES) apposait la premi\u00e8re couche de couleur selon la m\u00e9thode du pointillisme sur un b\u00e2timent du CROUS Grenoble Alpes.\u00a0<\/p><p>Jusqu&rsquo;au 15 juillet entre 14h et 19h, vous pouvez passer voir ! \u00a0\u00c7a se passe <a class=\"ext\" title=\"Fresque_B\u00e2timent_LesTaill\u00e9es_CROUSUGA (opens in a new window)\" href=\"https:\/\/www.google.fr\/maps\/place\/45%C2%B011'28.0%22N+5%C2%B045'13.2%22E\/@45.191117,5.753663,17z\/data=!3m1!4b1!4m4!3m3!8m2!3d45.191117!4d5.753663?entry=ttu&amp;g_ep=EgoyMDI1MDYzMC4wIKXMDSoASAFQAw%3D%3D\" target=\"_blank\" rel=\"noopener noreferrer\" data-extlink=\"\">ici<\/a>.<\/p><p>\u00a0<\/p>\t\t\t\t\t\t\t\t<\/div>\n\t\t\t\t<div class=\"elementor-element elementor-element-e405a79 elementor-widget elementor-widget-html\" data-id=\"e405a79\" data-element_type=\"widget\" data-e-type=\"widget\" data-widget_type=\"html.default\">\n\t\t\t\t\t<div style=\"border-top: 1px solid #eee; padding-top: 15px; margin-top: 20px; font-family: Arial, sans-serif; font-size: 14px; color: #666;\">\r\n    <div style=\"display: flex; align-items: center; margin-bottom: 5px;\">\r\n        <span style=\"margin-right: 10px; font-weight: bold;\">\ud83c\udff7\ufe0f TAGGU\u00c9 :<\/span>\r\n        <span>Recherche, Projets, International, Financement<\/span>\r\n    <\/div>\r\n    <div style=\"display: flex; align-items: center; margin-bottom: 5px;\">\r\n        <span style=\"margin-right: 10px; font-weight: bold;\">\ud83d\udce7 SOURCES :<\/span>\r\n        <span>cnrs.fr, univ-grenoble-alpes.fr<\/span>\r\n    <\/div>\r\n   <\/div>\r\n\t\t\t\t<\/div>\n\t\t\t\t\t<\/div>\n\t\t\t\t<\/div>\n\t\t\t\t<\/div>\n\t\t","protected":false},"excerpt":{"rendered":"<p>Une premi\u00e8re mondiale pour la 11e \u00e9dition du Street Art Fest Grenoble-Alpes\u00a0: une fresque cr\u00e9\u00e9e par l\u2019artiste KAN et peinte par un robot a\u00e9rien autonome\u00a0! Le 27 juin, France3-r\u00e9gions\u00a0est venue filmer le robot a\u00e9rien autonome en pleine action. Ce robot, con\u00e7u dans le cadre du projet ANR STRAD impliquant Spacejunk, organisateur du festival, la soci\u00e9t\u00e9 [&hellip;]<\/p>\n","protected":false},"author":5,"featured_media":14514,"comment_status":"closed","ping_status":"open","sticky":false,"template":"","format":"standard","meta":{"rs_blank_template":"","rs_page_bg_color":"","slide_template_v7":"","footnotes":""},"categories":[72,78],"tags":[],"class_list":["post-14513","post","type-post","status-publish","format-standard","has-post-thumbnail","hentry","category-actualite","category-on_parle_de_nous"],"lang":"fr","translations":{"fr":14513},"pll_sync_post":[],"_links":{"self":[{"href":"https:\/\/intra-dev-2.excellis.org\/index.php?rest_route=\/wp\/v2\/posts\/14513","targetHints":{"allow":["GET"]}}],"collection":[{"href":"https:\/\/intra-dev-2.excellis.org\/index.php?rest_route=\/wp\/v2\/posts"}],"about":[{"href":"https:\/\/intra-dev-2.excellis.org\/index.php?rest_route=\/wp\/v2\/types\/post"}],"author":[{"embeddable":true,"href":"https:\/\/intra-dev-2.excellis.org\/index.php?rest_route=\/wp\/v2\/users\/5"}],"replies":[{"embeddable":true,"href":"https:\/\/intra-dev-2.excellis.org\/index.php?rest_route=%2Fwp%2Fv2%2Fcomments&post=14513"}],"version-history":[{"count":4,"href":"https:\/\/intra-dev-2.excellis.org\/index.php?rest_route=\/wp\/v2\/posts\/14513\/revisions"}],"predecessor-version":[{"id":14519,"href":"https:\/\/intra-dev-2.excellis.org\/index.php?rest_route=\/wp\/v2\/posts\/14513\/revisions\/14519"}],"wp:featuredmedia":[{"embeddable":true,"href":"https:\/\/intra-dev-2.excellis.org\/index.php?rest_route=\/wp\/v2\/media\/14514"}],"wp:attachment":[{"href":"https:\/\/intra-dev-2.excellis.org\/index.php?rest_route=%2Fwp%2Fv2%2Fmedia&parent=14513"}],"wp:term":[{"taxonomy":"category","embeddable":true,"href":"https:\/\/intra-dev-2.excellis.org\/index.php?rest_route=%2Fwp%2Fv2%2Fcategories&post=14513"},{"taxonomy":"post_tag","embeddable":true,"href":"https:\/\/intra-dev-2.excellis.org\/index.php?rest_route=%2Fwp%2Fv2%2Ftags&post=14513"}],"curies":[{"name":"wp","href":"https:\/\/api.w.org\/{rel}","templated":true}]}}