{"id":14520,"date":"2025-07-24T11:19:28","date_gmt":"2025-07-24T09:19:28","guid":{"rendered":"https:\/\/intra-dev-2.excellis.org\/?p=14520"},"modified":"2026-03-09T11:23:30","modified_gmt":"2026-03-09T10:23:30","slug":"journee-partenariale-jardin-du-lautaret-et-gipsa-lab","status":"publish","type":"post","link":"https:\/\/intra-dev-2.excellis.org\/?p=14520","title":{"rendered":"Journ\u00e9e partenariale Jardin du Lautaret et GIPSA-lab"},"content":{"rendered":"\t\t<div data-elementor-type=\"wp-post\" data-elementor-id=\"14520\" class=\"elementor elementor-14520\" data-elementor-post-type=\"post\">\n\t\t\t\t<div class=\"elementor-element elementor-element-2c41de92 e-flex e-con-boxed e-con e-parent\" data-id=\"2c41de92\" data-element_type=\"container\" data-e-type=\"container\">\n\t\t\t\t\t<div class=\"e-con-inner\">\n\t\t\t\t<div class=\"elementor-element elementor-element-61df5023 elementor-widget elementor-widget-text-editor\" data-id=\"61df5023\" data-element_type=\"widget\" data-e-type=\"widget\" data-widget_type=\"text-editor.default\">\n\t\t\t\t\t\t\t\t\t<p><strong>Lundi 21 juillet<\/strong>, sous un magnifique ciel bleu, <strong data-start=\"256\" data-end=\"280\">Carole Chauvin-Payan<\/strong> a anim\u00e9 <strong data-start=\"289\" data-end=\"313\">deux visites guid\u00e9es<\/strong> au Jardin du Lautaret \u00ab\u00a0Ce que nous raconte le nom des plantes\u00a0\u00bb. Ces visites ont rassembl\u00e9 <strong data-start=\"428\" data-end=\"469\">grand public et stagiaires jardiniers<\/strong>, curieux d\u2019en apprendre davantage sur les plantes de prairies et de montagnes.<\/p><p data-start=\"534\" data-end=\"812\">La journ\u00e9e s\u2019est poursuivie avec une <strong data-start=\"571\" data-end=\"651\">conf\u00e9rence passionnante intitul\u00e9e\u00a0<\/strong><em data-start=\"607\" data-end=\"649\"><strong>\u00ab Champignons, \u00a0Territoires et Cultures\u00bb<\/strong><\/em>, \u00e9galement anim\u00e9e par Carole Chauvin-Payan, qui a su captiver l\u2019auditoire en croisant savoirs scientifiques, croyances populaires et usages territoriaux li\u00e9s aux champignons.<\/p><p data-start=\"814\" data-end=\"969\">Un beau moment de partage et de transmission, rendu possible gr\u00e2ce \u00e0 un partenariat enrichissant \u2014 <strong data-start=\"913\" data-end=\"967\">une exp\u00e9rience qui devrait \u00eatre renouvel\u00e9e en 2026<\/strong> !\u00a0<\/p>\t\t\t\t\t\t\t\t<\/div>\n\t\t\t\t<div class=\"elementor-element elementor-element-6e5ca746 elementor-widget elementor-widget-html\" data-id=\"6e5ca746\" data-element_type=\"widget\" data-e-type=\"widget\" data-widget_type=\"html.default\">\n\t\t\t\t\t<div style=\"border-top: 1px solid #eee; padding-top: 15px; margin-top: 20px; font-family: Arial, sans-serif; font-size: 14px; color: #666;\">\r\n    <div style=\"display: flex; align-items: center; margin-bottom: 5px;\">\r\n        <span style=\"margin-right: 10px; font-weight: bold;\">\ud83c\udff7\ufe0f TAGGU\u00c9 :<\/span>\r\n        <span>Recherche, Projets, International, Financement<\/span>\r\n    <\/div>\r\n    <div style=\"display: flex; align-items: center; margin-bottom: 5px;\">\r\n        <span style=\"margin-right: 10px; font-weight: bold;\">\ud83d\udce7 SOURCES :<\/span>\r\n        <span>cnrs.fr, univ-grenoble-alpes.fr<\/span>\r\n    <\/div>\r\n   <\/div>\r\n\t\t\t\t<\/div>\n\t\t\t\t\t<\/div>\n\t\t\t\t<\/div>\n\t\t\t\t<\/div>\n\t\t","protected":false},"excerpt":{"rendered":"<p>Lundi 21 juillet, sous un magnifique ciel bleu, Carole Chauvin-Payan a anim\u00e9 deux visites guid\u00e9es au Jardin du Lautaret \u00ab\u00a0Ce que nous raconte le nom des plantes\u00a0\u00bb. Ces visites ont rassembl\u00e9 grand public et stagiaires jardiniers, curieux d\u2019en apprendre davantage sur les plantes de prairies et de montagnes. La journ\u00e9e s\u2019est poursuivie avec une conf\u00e9rence [&hellip;]<\/p>\n","protected":false},"author":5,"featured_media":14521,"comment_status":"closed","ping_status":"open","sticky":false,"template":"","format":"standard","meta":{"rs_blank_template":"","rs_page_bg_color":"","slide_template_v7":"","footnotes":""},"categories":[72,75],"tags":[],"class_list":["post-14520","post","type-post","status-publish","format-standard","has-post-thumbnail","hentry","category-actualite","category-grand_public"],"lang":"fr","translations":{"fr":14520},"pll_sync_post":[],"_links":{"self":[{"href":"https:\/\/intra-dev-2.excellis.org\/index.php?rest_route=\/wp\/v2\/posts\/14520","targetHints":{"allow":["GET"]}}],"collection":[{"href":"https:\/\/intra-dev-2.excellis.org\/index.php?rest_route=\/wp\/v2\/posts"}],"about":[{"href":"https:\/\/intra-dev-2.excellis.org\/index.php?rest_route=\/wp\/v2\/types\/post"}],"author":[{"embeddable":true,"href":"https:\/\/intra-dev-2.excellis.org\/index.php?rest_route=\/wp\/v2\/users\/5"}],"replies":[{"embeddable":true,"href":"https:\/\/intra-dev-2.excellis.org\/index.php?rest_route=%2Fwp%2Fv2%2Fcomments&post=14520"}],"version-history":[{"count":4,"href":"https:\/\/intra-dev-2.excellis.org\/index.php?rest_route=\/wp\/v2\/posts\/14520\/revisions"}],"predecessor-version":[{"id":14526,"href":"https:\/\/intra-dev-2.excellis.org\/index.php?rest_route=\/wp\/v2\/posts\/14520\/revisions\/14526"}],"wp:featuredmedia":[{"embeddable":true,"href":"https:\/\/intra-dev-2.excellis.org\/index.php?rest_route=\/wp\/v2\/media\/14521"}],"wp:attachment":[{"href":"https:\/\/intra-dev-2.excellis.org\/index.php?rest_route=%2Fwp%2Fv2%2Fmedia&parent=14520"}],"wp:term":[{"taxonomy":"category","embeddable":true,"href":"https:\/\/intra-dev-2.excellis.org\/index.php?rest_route=%2Fwp%2Fv2%2Fcategories&post=14520"},{"taxonomy":"post_tag","embeddable":true,"href":"https:\/\/intra-dev-2.excellis.org\/index.php?rest_route=%2Fwp%2Fv2%2Ftags&post=14520"}],"curies":[{"name":"wp","href":"https:\/\/api.w.org\/{rel}","templated":true}]}}