{"id":14534,"date":"2025-09-02T11:29:56","date_gmt":"2025-09-02T09:29:56","guid":{"rendered":"https:\/\/intra-dev-2.excellis.org\/?p=14534"},"modified":"2026-03-09T11:41:18","modified_gmt":"2026-03-09T10:41:18","slug":"fresque-murale-par-un-robot-autonome","status":"publish","type":"post","link":"https:\/\/intra-dev-2.excellis.org\/?p=14534","title":{"rendered":"Fresque murale par un robot autonome"},"content":{"rendered":"\t\t<div data-elementor-type=\"wp-post\" data-elementor-id=\"14534\" class=\"elementor elementor-14534\" data-elementor-post-type=\"post\">\n\t\t\t\t<div class=\"elementor-element elementor-element-2c435721 e-flex e-con-boxed e-con e-parent\" data-id=\"2c435721\" data-element_type=\"container\" data-e-type=\"container\">\n\t\t\t\t\t<div class=\"e-con-inner\">\n\t\t\t\t<div class=\"elementor-element elementor-element-3bcfdaec elementor-widget elementor-widget-text-editor\" data-id=\"3bcfdaec\" data-element_type=\"widget\" data-e-type=\"widget\" data-widget_type=\"text-editor.default\">\n\t\t\t\t\t\t\t\t\t<p data-start=\"2386\" data-end=\"2803\">Elle est termin\u00e9e\u00a0!!! Le <span id=\"OBJ_PREFIX_DWT972_com_zimbra_date\" class=\"object\" role=\"link\">24 juillet 2025<\/span>, la couche finale de la fresque murale, cr\u00e9\u00e9e par l\u2019artiste Kan et peinte par un drone autonome a\u00e9rien, a \u00e9t\u00e9 appos\u00e9e sur le mur d\u2019un <a class=\"ext\" title=\"localisation b\u00e2timent CROUS (opens in a new window)\" href=\"https:\/\/www.google.com\/maps\/place\/45%C2%B011'28.0%22N+5%C2%B045'13.7%22E\/@45.191106,5.753817,17z\/data=!3m1!4b1!4m4!3m3!8m2!3d45.191106!4d5.753817?entry=ttu&amp;g_ep=EgoyMDI1MDcyOS4wIKXMDSoASAFQAw%3D%3D\" target=\"_blank\" rel=\"noopener noreferrer\" data-extlink=\"\">b\u00e2timent du CROUS<\/a>. Cette fresque, constitu\u00e9e de plus de 35\u00a0000 points, mesure 14 m\u00e8tres de haut et 5 m\u00e8tres de large. Sa r\u00e9alisation est le fruit d\u2019un partenariat alliant Arts, Recherche et Technologie, dans le cadre du <a class=\"ext\" title=\"Projet ANR STRAD (opens in a new window)\" href=\"https:\/\/anr.fr\/Projet-ANR-21-CE33-0021\" target=\"_blank\" rel=\"noopener noreferrer\" data-extlink=\"\">projet ANR\u00a0STRAD<\/a> (Icube, GIPSA-lab, Polyvionics et Spacejunk). Bravo \u00e0 toute l\u2019\u00e9quipe\u00a0ayant permis sa r\u00e9alisation :\u00a0Ethan Niddam (doctorant codirig\u00e9 par Ahmad Hably et Jacques Gangloff), Miguel Arpa Perozo (ing\u00e9nieur de recherche sur le projet STRAD), Pierre Susbielle, Jonathan Dumon, Laurent Ott, Amaury N\u00e8gre et Alexis Offermann (ing\u00e9nieurs au GIPSA-lab).\u00a0im id est laborum.<\/p>\t\t\t\t\t\t\t\t<\/div>\n\t\t\t\t<div class=\"elementor-element elementor-element-312e9e9c elementor-widget elementor-widget-text-editor\" data-id=\"312e9e9c\" data-element_type=\"widget\" data-e-type=\"widget\" data-widget_type=\"text-editor.default\">\n\t\t\t\t\t\t\t\t\t<p>\u00a0<\/p><p>Pour en savoir plus, lisez \u00a0<a class=\"ext\" title=\"Article Le projet STRAD : quand un drone explore le street art (opens in a new window)\" href=\"https:\/\/icube.unistra.fr\/actualites-agenda\/actualites\/actualite\/?tx_ttnews%5Btt_news%5D=26595&amp;cHash=3ff63a87678f8f00d504e6c727972bbb\" target=\"_blank\" rel=\"noopener noreferrer\" data-extlink=\"\">cet article<\/a> publi\u00e9 par Icube.\u00a0<\/p>\t\t\t\t\t\t\t\t<\/div>\n\t\t<div class=\"elementor-element elementor-element-abfa902 e-con-full e-flex e-con e-child\" data-id=\"abfa902\" data-element_type=\"container\" data-e-type=\"container\">\n\t\t<div class=\"elementor-element elementor-element-449e633d e-con-full e-flex e-con e-child\" data-id=\"449e633d\" data-element_type=\"container\" data-e-type=\"container\">\n\t\t\t\t<div class=\"elementor-element elementor-element-70f3d107 elementor-widget elementor-widget-heading\" data-id=\"70f3d107\" data-element_type=\"widget\" data-e-type=\"widget\" data-widget_type=\"heading.default\">\n\t\t\t\t\t<h5 class=\"elementor-heading-title elementor-size-default\">En savoir plus sur :<\/h5>\t\t\t\t<\/div>\n\t\t\t\t<\/div>\n\t\t<div class=\"elementor-element elementor-element-18264af1 e-con-full e-flex e-con e-child\" data-id=\"18264af1\" data-element_type=\"container\" data-e-type=\"container\">\n\t\t\t\t<div class=\"elementor-element elementor-element-4bf8c824 elementor-icon-list--layout-traditional elementor-list-item-link-full_width elementor-widget elementor-widget-icon-list\" data-id=\"4bf8c824\" data-element_type=\"widget\" data-e-type=\"widget\" data-widget_type=\"icon-list.default\">\n\t\t\t\t\t\t\t<ul class=\"elementor-icon-list-items\">\n\t\t\t\t\t\t\t<li class=\"elementor-icon-list-item\">\n\t\t\t\t\t\t\t\t\t\t\t<a href=\"https:\/\/icube.unistra.fr\/actualites-agenda\/actualites\/actualite\/?tx_ttnews%5Btt_news%5D=26595&#038;cHash=3ff63a87678f8f00d504e6c727972bbb\" target=\"_blank\">\n\n\t\t\t\t\t\t\t\t\t\t\t\t<span class=\"elementor-icon-list-icon\">\n\t\t\t\t\t\t\t<svg aria-hidden=\"true\" class=\"e-font-icon-svg e-fas-arrow-alt-circle-right\" viewBox=\"0 0 512 512\" xmlns=\"http:\/\/www.w3.org\/2000\/svg\"><path d=\"M256 8c137 0 248 111 248 248S393 504 256 504 8 393 8 256 119 8 256 8zM140 300h116v70.9c0 10.7 13 16.1 20.5 8.5l114.3-114.9c4.7-4.7 4.7-12.2 0-16.9l-114.3-115c-7.6-7.6-20.5-2.2-20.5 8.5V212H140c-6.6 0-12 5.4-12 12v64c0 6.6 5.4 12 12 12z\"><\/path><\/svg>\t\t\t\t\t\t<\/span>\n\t\t\t\t\t\t\t\t\t\t<span class=\"elementor-icon-list-text\">la r\u00e9alisation de la Fresque murale (STRAD), lisez cet article publi\u00e9 par Icube<\/span>\n\t\t\t\t\t\t\t\t\t\t\t<\/a>\n\t\t\t\t\t\t\t\t\t<\/li>\n\t\t\t\t\t\t<\/ul>\n\t\t\t\t\t\t<\/div>\n\t\t\t\t<\/div>\n\t\t\t\t<\/div>\n\t\t\t\t\t<\/div>\n\t\t\t\t<\/div>\n\t\t\t\t<\/div>\n\t\t","protected":false},"excerpt":{"rendered":"<p>Elle est termin\u00e9e\u00a0!!! Le 24 juillet 2025, la couche finale de la fresque murale, cr\u00e9\u00e9e par l\u2019artiste Kan et peinte par un drone autonome a\u00e9rien, a \u00e9t\u00e9 appos\u00e9e sur le mur d\u2019un b\u00e2timent du CROUS. Cette fresque, constitu\u00e9e de plus de 35\u00a0000 points, mesure 14 m\u00e8tres de haut et 5 m\u00e8tres de large. Sa r\u00e9alisation [&hellip;]<\/p>\n","protected":false},"author":5,"featured_media":14535,"comment_status":"closed","ping_status":"open","sticky":false,"template":"","format":"standard","meta":{"rs_blank_template":"","rs_page_bg_color":"","slide_template_v7":"","footnotes":""},"categories":[72,73],"tags":[],"class_list":["post-14534","post","type-post","status-publish","format-standard","has-post-thumbnail","hentry","category-actualite","category-communique"],"lang":"fr","translations":{"fr":14534},"pll_sync_post":[],"_links":{"self":[{"href":"https:\/\/intra-dev-2.excellis.org\/index.php?rest_route=\/wp\/v2\/posts\/14534","targetHints":{"allow":["GET"]}}],"collection":[{"href":"https:\/\/intra-dev-2.excellis.org\/index.php?rest_route=\/wp\/v2\/posts"}],"about":[{"href":"https:\/\/intra-dev-2.excellis.org\/index.php?rest_route=\/wp\/v2\/types\/post"}],"author":[{"embeddable":true,"href":"https:\/\/intra-dev-2.excellis.org\/index.php?rest_route=\/wp\/v2\/users\/5"}],"replies":[{"embeddable":true,"href":"https:\/\/intra-dev-2.excellis.org\/index.php?rest_route=%2Fwp%2Fv2%2Fcomments&post=14534"}],"version-history":[{"count":10,"href":"https:\/\/intra-dev-2.excellis.org\/index.php?rest_route=\/wp\/v2\/posts\/14534\/revisions"}],"predecessor-version":[{"id":14546,"href":"https:\/\/intra-dev-2.excellis.org\/index.php?rest_route=\/wp\/v2\/posts\/14534\/revisions\/14546"}],"wp:featuredmedia":[{"embeddable":true,"href":"https:\/\/intra-dev-2.excellis.org\/index.php?rest_route=\/wp\/v2\/media\/14535"}],"wp:attachment":[{"href":"https:\/\/intra-dev-2.excellis.org\/index.php?rest_route=%2Fwp%2Fv2%2Fmedia&parent=14534"}],"wp:term":[{"taxonomy":"category","embeddable":true,"href":"https:\/\/intra-dev-2.excellis.org\/index.php?rest_route=%2Fwp%2Fv2%2Fcategories&post=14534"},{"taxonomy":"post_tag","embeddable":true,"href":"https:\/\/intra-dev-2.excellis.org\/index.php?rest_route=%2Fwp%2Fv2%2Ftags&post=14534"}],"curies":[{"name":"wp","href":"https:\/\/api.w.org\/{rel}","templated":true}]}}