{"id":6146,"date":"2025-10-30T12:00:18","date_gmt":"2025-10-30T11:00:18","guid":{"rendered":"https:\/\/intra-dev-2.excellis.org\/?p=6146"},"modified":"2025-11-28T09:37:37","modified_gmt":"2025-11-28T08:37:37","slug":"dejeuners-dans-un-laboratoire-le-corps-humain-en-mouvement","status":"publish","type":"post","link":"https:\/\/intra-dev-2.excellis.org\/?p=6146","title":{"rendered":"D\u00e9jeuners dans un laboratoire &#8211; Le corps humain en mouvement"},"content":{"rendered":"\t\t<div data-elementor-type=\"wp-post\" data-elementor-id=\"6146\" class=\"elementor elementor-6146\" data-elementor-post-type=\"post\">\n\t\t\t\t<div class=\"elementor-element elementor-element-edf2f01 e-flex e-con-boxed e-con e-parent\" data-id=\"edf2f01\" data-element_type=\"container\" data-e-type=\"container\">\n\t\t\t\t\t<div class=\"e-con-inner\">\n\t\t\t\t<div class=\"elementor-element elementor-element-dff023b elementor-drop-cap-yes elementor-drop-cap-view-default elementor-widget elementor-widget-text-editor\" data-id=\"dff023b\" data-element_type=\"widget\" data-e-type=\"widget\" data-settings=\"{&quot;drop_cap&quot;:&quot;yes&quot;}\" data-widget_type=\"text-editor.default\">\n\t\t\t\t\t\t\t\t\t<p>Le 21 octobre, \u00e0 l&rsquo;occasion de la visite D\u00e9jeuners dans un laboratoire organis\u00e9e par IN\u2019Partners, chercheurs, industriels, repr\u00e9sentants de la R\u00e9gion Auvergne-Rh\u00f4ne-Alpes et acteurs de l\u2019innovation ont pu d\u00e9couvrir les infrastructures du GIPSA-lab d\u00e9di\u00e9es \u00e0 l\u2019\u00e9tude du corps humain en mouvement et ses interactions avec l\u2019environnement.<\/p><p>Ces infrastructures mobilis\u00e9es pour des applications vari\u00e9es (du sport de haut niveau \u00e0 la r\u00e9\u00e9ducation, en passant par l&rsquo;ergonomie, la mobilit\u00e9 intelligente ou encore l&rsquo;assistance au handicap) ont un objectif commun : comprendre, mod\u00e9liser et am\u00e9liorer la performance humaine, d\u00e9tecter la fatigue ou le stress et concevoir des dispositifs d&rsquo;assistance innovants. Elles illustrent la richesse des approches interdisciplinaires du laboratoire, m\u00ealant biom\u00e9canique, traitement du signal et automatique :<\/p>\t\t\t\t\t\t\t\t<\/div>\n\t\t\t\t<div class=\"elementor-element elementor-element-069fa6b elementor-widget elementor-widget-ova_list_checked\" data-id=\"069fa6b\" data-element_type=\"widget\" data-e-type=\"widget\" data-widget_type=\"ova_list_checked.default\">\n\t\t\t\t<div class=\"elementor-widget-container\">\n\t\t\t\t\t\t\t\n\t\t<div class=\"ova_list_checked\" >\n\t\t\t\t\t\t\t<ul>\n\t\t\t\t\t\t\t\t\t<li class=\"item\">\n\t\t\t\t\t\t<i data-feather=\"check-circle\"><\/i>\n\t\t\t\t\t\t<span>Plateforme BIOMECA : capture de mouvement 3D, \u00e9lectromyographie, plateformes de force, capteurs vocaux et respiratoires, casque de r\u00e9alit\u00e9 virtuelle\u2026<\/span>\n\t\t\t\t\t<\/li>\n\t\t\t\t\t\t\t\t\t<li class=\"item\">\n\t\t\t\t\t\t<i data-feather=\"check-circle\"><\/i>\n\t\t\t\t\t\t<span>V\u00e9lo \u00e9lectrique intelligent : analyse en temps r\u00e9el de l\u2019effort du cycliste, estimation des variables bio\u00e9nerg\u00e9tiques sans capteurs intrusifs et adaptation dynamique des strat\u00e9gies d\u2019entra\u00eenement gr\u00e2ce \u00e0 l\u2019IA.<\/span>\n\t\t\t\t\t<\/li>\n\t\t\t\t\t\t\t\t<\/ul>\n\t\t\t\n\t\t<\/div>\n\n\t\t\t\t\t\t<\/div>\n\t\t\t\t<\/div>\n\t\t\t\t<div class=\"elementor-element elementor-element-86f809d elementor-widget elementor-widget-text-editor\" data-id=\"86f809d\" data-element_type=\"widget\" data-e-type=\"widget\" data-widget_type=\"text-editor.default\">\n\t\t\t\t\t\t\t\t\t<p>Un grand merci \u00e0 Olivier MARTIN, Franck KAINE, Nicolas TERMOZ, John J. MARTINEZ MOLINA, Jonathan DUMON, Coriandre VILAIN, Christophe SAVARIAUX, Lionel DARRAS et Nicolas MARCHAND pour leur temps, leur investissement et leur \u00e9nergie communicative.<\/p>\t\t\t\t\t\t\t\t<\/div>\n\t\t\t\t\t<\/div>\n\t\t\t\t<\/div>\n\t\t\t\t<\/div>\n\t\t","protected":false},"excerpt":{"rendered":"<p>Le 21 octobre, \u00e0 l&rsquo;occasion de la visite D\u00e9jeuners dans un laboratoire organis\u00e9e par IN\u2019Partners, chercheurs, industriels, repr\u00e9sentants de la R\u00e9gion Auvergne-Rh\u00f4ne-Alpes et acteurs de l\u2019innovation ont pu d\u00e9couvrir les infrastructures du GIPSA-lab d\u00e9di\u00e9es \u00e0 l\u2019\u00e9tude du corps humain en mouvement et ses interactions avec l\u2019environnement. Ces infrastructures mobilis\u00e9es pour des applications vari\u00e9es (du sport [&hellip;]<\/p>\n","protected":false},"author":2,"featured_media":6147,"comment_status":"open","ping_status":"open","sticky":false,"template":"","format":"standard","meta":{"rs_blank_template":"","rs_page_bg_color":"","slide_template_v7":"","footnotes":""},"categories":[73],"tags":[],"class_list":["post-6146","post","type-post","status-publish","format-standard","has-post-thumbnail","hentry","category-communique"],"lang":"fr","translations":{"fr":6146},"pll_sync_post":[],"_links":{"self":[{"href":"https:\/\/intra-dev-2.excellis.org\/index.php?rest_route=\/wp\/v2\/posts\/6146","targetHints":{"allow":["GET"]}}],"collection":[{"href":"https:\/\/intra-dev-2.excellis.org\/index.php?rest_route=\/wp\/v2\/posts"}],"about":[{"href":"https:\/\/intra-dev-2.excellis.org\/index.php?rest_route=\/wp\/v2\/types\/post"}],"author":[{"embeddable":true,"href":"https:\/\/intra-dev-2.excellis.org\/index.php?rest_route=\/wp\/v2\/users\/2"}],"replies":[{"embeddable":true,"href":"https:\/\/intra-dev-2.excellis.org\/index.php?rest_route=%2Fwp%2Fv2%2Fcomments&post=6146"}],"version-history":[{"count":7,"href":"https:\/\/intra-dev-2.excellis.org\/index.php?rest_route=\/wp\/v2\/posts\/6146\/revisions"}],"predecessor-version":[{"id":6154,"href":"https:\/\/intra-dev-2.excellis.org\/index.php?rest_route=\/wp\/v2\/posts\/6146\/revisions\/6154"}],"wp:featuredmedia":[{"embeddable":true,"href":"https:\/\/intra-dev-2.excellis.org\/index.php?rest_route=\/wp\/v2\/media\/6147"}],"wp:attachment":[{"href":"https:\/\/intra-dev-2.excellis.org\/index.php?rest_route=%2Fwp%2Fv2%2Fmedia&parent=6146"}],"wp:term":[{"taxonomy":"category","embeddable":true,"href":"https:\/\/intra-dev-2.excellis.org\/index.php?rest_route=%2Fwp%2Fv2%2Fcategories&post=6146"},{"taxonomy":"post_tag","embeddable":true,"href":"https:\/\/intra-dev-2.excellis.org\/index.php?rest_route=%2Fwp%2Fv2%2Ftags&post=6146"}],"curies":[{"name":"wp","href":"https:\/\/api.w.org\/{rel}","templated":true}]}}