{"id":6824,"date":"2025-11-07T12:00:16","date_gmt":"2025-11-07T11:00:16","guid":{"rendered":"https:\/\/intra-dev-2.excellis.org\/?p=6824"},"modified":"2025-12-01T22:23:52","modified_gmt":"2025-12-01T21:23:52","slug":"revue-geolinguistique-sur-persee-une-mise-en-ligne-historique-au-service-de-la-recherche","status":"publish","type":"post","link":"https:\/\/intra-dev-2.excellis.org\/?p=6824","title":{"rendered":"Revue G\u00e9olinguistique sur Pers\u00e9e : Une Mise en Ligne Historique au Service de la Recherche"},"content":{"rendered":"\t\t<div data-elementor-type=\"wp-post\" data-elementor-id=\"6824\" class=\"elementor elementor-6824\" data-elementor-post-type=\"post\">\n\t\t\t\t<div class=\"elementor-element elementor-element-d3f1368 e-flex e-con-boxed e-con e-parent\" data-id=\"d3f1368\" data-element_type=\"container\" data-e-type=\"container\">\n\t\t\t\t\t<div class=\"e-con-inner\">\n\t\t\t\t<div class=\"elementor-element elementor-element-a605902 elementor-drop-cap-yes elementor-drop-cap-view-default elementor-widget elementor-widget-text-editor\" data-id=\"a605902\" data-element_type=\"widget\" data-e-type=\"widget\" data-settings=\"{&quot;drop_cap&quot;:&quot;yes&quot;}\" data-widget_type=\"text-editor.default\">\n\t\t\t\t\t\t\t\t\t<p data-start=\"2588\" data-end=\"2852\">La communaut\u00e9 du <strong>GIPSA-lab<\/strong>, tout comme de nombreux chercheurs en sciences du langage, peut d\u00e9sormais acc\u00e9der librement \u00e0 l\u2019int\u00e9gralit\u00e9 d\u2019un patrimoine scientifique pr\u00e9cieux : <strong data-start=\"2763\" data-end=\"2851\">la revue G\u00e9olinguistique est enfin disponible sur Pers\u00e9e dans sa collection compl\u00e8te<\/strong>.<\/p><p data-start=\"2854\" data-end=\"3186\">Cette mise en ligne, attendue depuis longtemps, marque une \u00e9tape importante non seulement pour les sp\u00e9cialistes de g\u00e9olinguistique, de dialectologie et de linguistique variationnelle, mais aussi pour celles et ceux qui s&rsquo;int\u00e9ressent \u00e0 l\u2019\u00e9volution des langues, \u00e0 leur implantation r\u00e9gionale et aux m\u00e9thodologies d\u2019enqu\u00eate de terrain.<\/p>\t\t\t\t\t\t\t\t<\/div>\n\t\t\t\t<div class=\"elementor-element elementor-element-584166e elementor-widget elementor-widget-heading\" data-id=\"584166e\" data-element_type=\"widget\" data-e-type=\"widget\" data-widget_type=\"heading.default\">\n\t\t\t\t\t<h2 class=\"elementor-heading-title elementor-size-default\">Une Nouvelle Ressource pour la Communaut\u00e9 Scientifique<\/h2>\t\t\t\t<\/div>\n\t\t\t\t<div class=\"elementor-element elementor-element-070ea21 elementor-widget elementor-widget-text-editor\" data-id=\"070ea21\" data-element_type=\"widget\" data-e-type=\"widget\" data-widget_type=\"text-editor.default\">\n\t\t\t\t\t\t\t\t\t<p data-start=\"3256\" data-end=\"3551\">Pendant plusieurs d\u00e9cennies, la revue G\u00e9olinguistique a \u00e9t\u00e9 une publication de r\u00e9f\u00e9rence. Toutefois, nombre de ses num\u00e9ros anciens demeuraient difficiles d\u2019acc\u00e8s.<br data-start=\"3418\" data-end=\"3421\" \/>Gr\u00e2ce \u00e0 Pers\u00e9e, plateforme nationale d\u00e9di\u00e9e \u00e0 la diffusion des revues scientifiques patrimoniales, cette barri\u00e8re dispara\u00eet enfin.<\/p><p data-start=\"3553\" data-end=\"3841\">Cette mise en ligne repr\u00e9sente un v\u00e9ritable <strong data-start=\"3597\" data-end=\"3653\">pont entre m\u00e9moire scientifique et diffusion moderne<\/strong>. On y retrouve \u00e0 la fois le t\u00e9moignage des premi\u00e8res enqu\u00eates dialectales, les r\u00e9flexions th\u00e9oriques d\u2019\u00e9poque, et des analyses d\u2019une finesse encore utilis\u00e9e dans les recherches actuelles.<\/p>\t\t\t\t\t\t\t\t<\/div>\n\t\t\t\t<div class=\"elementor-element elementor-element-93ab334 elementor-widget elementor-widget-heading\" data-id=\"93ab334\" data-element_type=\"widget\" data-e-type=\"widget\" data-widget_type=\"heading.default\">\n\t\t\t\t\t<h2 class=\"elementor-heading-title elementor-size-default\">Un Projet de Longue Haleine<\/h2>\t\t\t\t<\/div>\n\t\t\t\t<div class=\"elementor-element elementor-element-7eaafe7 elementor-widget elementor-widget-heading\" data-id=\"7eaafe7\" data-element_type=\"widget\" data-e-type=\"widget\" data-widget_type=\"heading.default\">\n\t\t\t\t\t<h3 class=\"elementor-heading-title elementor-size-default\">De la demande initiale \u00e0 l\u2019acceptation du dossier<\/h3>\t\t\t\t<\/div>\n\t\t\t\t<div class=\"elementor-element elementor-element-8594a01 elementor-widget elementor-widget-text-editor\" data-id=\"8594a01\" data-element_type=\"widget\" data-e-type=\"widget\" data-widget_type=\"text-editor.default\">\n\t\t\t\t\t\t\t\t\t<p data-start=\"3943\" data-end=\"4096\">La mise en ligne d\u2019une revue compl\u00e8te sur Pers\u00e9e ne se fait jamais en un claquement de doigts. Il s\u2019agit d\u2019un processus structur\u00e9, exigeant et rigoureux.<\/p><p data-start=\"4098\" data-end=\"4303\">Apr\u00e8s le d\u00e9p\u00f4t du dossier de demande, <strong data-start=\"4136\" data-end=\"4164\">l\u2019acceptation \u00e9ditoriale<\/strong> a constitu\u00e9 la premi\u00e8re \u00e9tape majeure. Cette validation permettait enfin d\u2019envisager l\u2019int\u00e9gration compl\u00e8te de la revue sur la plateforme.<\/p>\t\t\t\t\t\t\t\t<\/div>\n\t\t\t\t<div class=\"elementor-element elementor-element-d9498f3 elementor-widget elementor-widget-heading\" data-id=\"d9498f3\" data-element_type=\"widget\" data-e-type=\"widget\" data-widget_type=\"heading.default\">\n\t\t\t\t\t<h3 class=\"elementor-heading-title elementor-size-default\">Un travail administratif indispensable<\/h3>\t\t\t\t<\/div>\n\t\t\t\t<div class=\"elementor-element elementor-element-7e6e011 elementor-widget elementor-widget-text-editor\" data-id=\"7e6e011\" data-element_type=\"widget\" data-e-type=\"widget\" data-widget_type=\"text-editor.default\">\n\t\t\t\t\t\t\t\t\t<p data-start=\"4353\" data-end=\"4438\">Une fois la demande accept\u00e9e, un autre d\u00e9fi a d\u00e9but\u00e9 : l\u2019obtention des autorisations.<\/p><p data-start=\"4440\" data-end=\"4720\">Il a fallu contacter <strong data-start=\"4461\" data-end=\"4497\">tous les auteurs et ayants droit<\/strong>, un \u00e0 un, parfois sur plusieurs g\u00e9n\u00e9rations de chercheurs.<br data-start=\"4556\" data-end=\"4559\" \/>Dans certains cas, conform\u00e9ment \u00e0 la r\u00e9glementation, un d\u00e9lai l\u00e9gal de <strong data-start=\"4630\" data-end=\"4655\">six mois sans r\u00e9ponse<\/strong> devait \u00eatre observ\u00e9 avant d\u2019autoriser la diffusion des contenus.<\/p><p data-start=\"4722\" data-end=\"4915\">Ce travail patient et minutieux est un exemple concret de la mani\u00e8re dont les \u00e9quipes documentaires et administratives contribuent directement \u00e0 la <strong data-start=\"4870\" data-end=\"4899\">valorisation scientifique<\/strong> du laboratoire.<\/p>\t\t\t\t\t\t\t\t<\/div>\n\t\t\t\t<div class=\"elementor-element elementor-element-3645e87 elementor-widget elementor-widget-heading\" data-id=\"3645e87\" data-element_type=\"widget\" data-e-type=\"widget\" data-widget_type=\"heading.default\">\n\t\t\t\t\t<h2 class=\"elementor-heading-title elementor-size-default\">Perspectives d\u2019Avenir<\/h2>\t\t\t\t<\/div>\n\t\t\t\t<div class=\"elementor-element elementor-element-08ade55 elementor-widget elementor-widget-text-editor\" data-id=\"08ade55\" data-element_type=\"widget\" data-e-type=\"widget\" data-widget_type=\"text-editor.default\">\n\t\t\t\t\t\t\t\t\t<p data-start=\"8324\" data-end=\"8519\">Cette r\u00e9ussite ouvre de nouvelles possibilit\u00e9s : valorisation d\u2019autres collections, num\u00e9risation de fonds compl\u00e9mentaires, projets partag\u00e9s avec Pers\u00e9e, ou d\u00e9veloppements en humanit\u00e9s num\u00e9riques.<\/p><p data-start=\"8521\" data-end=\"8652\">Le <strong>GIPSA-lab<\/strong> confirme ainsi son r\u00f4le actif dans la <strong data-start=\"8572\" data-end=\"8623\">pr\u00e9servation, la diffusion et la mise en valeur<\/strong> de la recherche francophone.<\/p>\t\t\t\t\t\t\t\t<\/div>\n\t\t\t\t\t<\/div>\n\t\t\t\t<\/div>\n\t\t\t\t<\/div>\n\t\t","protected":false},"excerpt":{"rendered":"<p>La communaut\u00e9 du GIPSA-lab, tout comme de nombreux chercheurs en sciences du langage, peut d\u00e9sormais acc\u00e9der librement \u00e0 l\u2019int\u00e9gralit\u00e9 d\u2019un patrimoine scientifique pr\u00e9cieux : la revue G\u00e9olinguistique est enfin disponible sur Pers\u00e9e dans sa collection compl\u00e8te. Cette mise en ligne, attendue depuis longtemps, marque une \u00e9tape importante non seulement pour les sp\u00e9cialistes de g\u00e9olinguistique, de [&hellip;]<\/p>\n","protected":false},"author":2,"featured_media":6834,"comment_status":"open","ping_status":"closed","sticky":false,"template":"","format":"standard","meta":{"rs_blank_template":"","rs_page_bg_color":"","slide_template_v7":"","footnotes":""},"categories":[96],"tags":[],"class_list":["post-6824","post","type-post","status-publish","format-standard","has-post-thumbnail","hentry","category-parutions"],"lang":"fr","translations":{"fr":6824},"pll_sync_post":[],"_links":{"self":[{"href":"https:\/\/intra-dev-2.excellis.org\/index.php?rest_route=\/wp\/v2\/posts\/6824","targetHints":{"allow":["GET"]}}],"collection":[{"href":"https:\/\/intra-dev-2.excellis.org\/index.php?rest_route=\/wp\/v2\/posts"}],"about":[{"href":"https:\/\/intra-dev-2.excellis.org\/index.php?rest_route=\/wp\/v2\/types\/post"}],"author":[{"embeddable":true,"href":"https:\/\/intra-dev-2.excellis.org\/index.php?rest_route=\/wp\/v2\/users\/2"}],"replies":[{"embeddable":true,"href":"https:\/\/intra-dev-2.excellis.org\/index.php?rest_route=%2Fwp%2Fv2%2Fcomments&post=6824"}],"version-history":[{"count":4,"href":"https:\/\/intra-dev-2.excellis.org\/index.php?rest_route=\/wp\/v2\/posts\/6824\/revisions"}],"predecessor-version":[{"id":6833,"href":"https:\/\/intra-dev-2.excellis.org\/index.php?rest_route=\/wp\/v2\/posts\/6824\/revisions\/6833"}],"wp:featuredmedia":[{"embeddable":true,"href":"https:\/\/intra-dev-2.excellis.org\/index.php?rest_route=\/wp\/v2\/media\/6834"}],"wp:attachment":[{"href":"https:\/\/intra-dev-2.excellis.org\/index.php?rest_route=%2Fwp%2Fv2%2Fmedia&parent=6824"}],"wp:term":[{"taxonomy":"category","embeddable":true,"href":"https:\/\/intra-dev-2.excellis.org\/index.php?rest_route=%2Fwp%2Fv2%2Fcategories&post=6824"},{"taxonomy":"post_tag","embeddable":true,"href":"https:\/\/intra-dev-2.excellis.org\/index.php?rest_route=%2Fwp%2Fv2%2Ftags&post=6824"}],"curies":[{"name":"wp","href":"https:\/\/api.w.org\/{rel}","templated":true}]}}