{"id":7213,"date":"2025-09-25T10:00:00","date_gmt":"2025-09-25T08:00:00","guid":{"rendered":"https:\/\/intra-dev-2.excellis.org\/?p=7213"},"modified":"2025-12-01T22:51:00","modified_gmt":"2025-12-01T21:51:00","slug":"la-fete-de-la-science-2025-avec-le-gipsa-lab","status":"publish","type":"post","link":"https:\/\/intra-dev-2.excellis.org\/?p=7213","title":{"rendered":"La F\u00eate de la science 2025 avec le GIPSA-lab"},"content":{"rendered":"\t\t<div data-elementor-type=\"wp-post\" data-elementor-id=\"7213\" class=\"elementor elementor-7213\" data-elementor-post-type=\"post\">\n\t\t\t\t<div class=\"elementor-element elementor-element-049b5b8 e-flex e-con-boxed e-con e-parent\" data-id=\"049b5b8\" data-element_type=\"container\" data-e-type=\"container\">\n\t\t\t\t\t<div class=\"e-con-inner\">\n\t\t\t\t<div class=\"elementor-element elementor-element-568ce88 elementor-drop-cap-yes elementor-drop-cap-view-default elementor-widget elementor-widget-text-editor\" data-id=\"568ce88\" data-element_type=\"widget\" data-e-type=\"widget\" data-settings=\"{&quot;drop_cap&quot;:&quot;yes&quot;}\" data-widget_type=\"text-editor.default\">\n\t\t\t\t\t\t\t\t\t<p>Trois rendez-vous avec le GIPSA-lab sont programm\u00e9s \u00e0 l&rsquo;occasion de l&rsquo;\u00e9dition de la F\u00eate de la science 2025 \u00ab\u00a0Intelligences\u00a0\u00bb.<\/p>\t\t\t\t\t\t\t\t<\/div>\n\t\t\t\t<div class=\"elementor-element elementor-element-097d6a5 elementor-widget elementor-widget-heading\" data-id=\"097d6a5\" data-element_type=\"widget\" data-e-type=\"widget\" data-widget_type=\"heading.default\">\n\t\t\t\t\t<h2 class=\"elementor-heading-title elementor-size-default\">Les ateliers et visites de plateformes pour les coll\u00e9giens et lyc\u00e9ens\n\n<\/h2>\t\t\t\t<\/div>\n\t\t\t\t<div class=\"elementor-element elementor-element-2c78a47 elementor-widget elementor-widget-text-editor\" data-id=\"2c78a47\" data-element_type=\"widget\" data-e-type=\"widget\" data-widget_type=\"text-editor.default\">\n\t\t\t\t\t\t\t\t\t<p>Le <strong>jeudi 9 octobre<\/strong>, les coll\u00e9giens et lyc\u00e9ens d\u00e9couvriront <strong>diff\u00e9rents types d&rsquo;Intelligences<\/strong> : <strong>Intelligence humaine<\/strong>, <strong>Intelligence robotique<\/strong> et <strong>Intelligence artificielle<\/strong>.<\/p><p>Des ateliers et visites de plateformes seront propos\u00e9s par des doctorants, chercheurs et ing\u00e9nieurs pour faire d\u00e9couvrir les facettes scientifiques abord\u00e9es par notre laboratoire.<\/p>\t\t\t\t\t\t\t\t<\/div>\n\t\t\t\t<div class=\"elementor-element elementor-element-b82f742 elementor-widget elementor-widget-heading\" data-id=\"b82f742\" data-element_type=\"widget\" data-e-type=\"widget\" data-widget_type=\"heading.default\">\n\t\t\t\t\t<h2 class=\"elementor-heading-title elementor-size-default\">Une visite insolite pour le grand public<\/h2>\t\t\t\t<\/div>\n\t\t\t\t<div class=\"elementor-element elementor-element-35d4be5 elementor-widget elementor-widget-text-editor\" data-id=\"35d4be5\" data-element_type=\"widget\" data-e-type=\"widget\" data-widget_type=\"text-editor.default\">\n\t\t\t\t\t\t\t\t\t<p>Le <strong>vendredi 10 octobre<\/strong>, le Grand Public pourra participer \u00e0 la visite insolite \u00ab\u00a0<strong>Sensation, Cognition, Motricit\u00e9 &#8211; Applications de la r\u00e9alit\u00e9 virtuelle<\/strong>\u00a0\u00bb qui se d\u00e9roulera au sein de la plateforme <strong>BIOMECA<\/strong>.<\/p>\t\t\t\t\t\t\t\t<\/div>\n\t\t\t\t<div class=\"elementor-element elementor-element-69c3c29 elementor-widget elementor-widget-heading\" data-id=\"69c3c29\" data-element_type=\"widget\" data-e-type=\"widget\" data-widget_type=\"heading.default\">\n\t\t\t\t\t<h2 class=\"elementor-heading-title elementor-size-default\">Village des Sciences \u00e0 Valence pour le Grand Public\n\n<\/h2>\t\t\t\t<\/div>\n\t\t\t\t<div class=\"elementor-element elementor-element-1c7c757 elementor-widget elementor-widget-text-editor\" data-id=\"1c7c757\" data-element_type=\"widget\" data-e-type=\"widget\" data-widget_type=\"text-editor.default\">\n\t\t\t\t\t\t\t\t\t<p>Le <strong>samedi 4 octobre<\/strong>, petits et grands pourront retrouver des chercheurs du <strong>GIPSA-lab<\/strong> autour d&rsquo;un atelier \u00ab\u00a0<strong>Maths \u00e0 modeler<\/strong>\u00a0\u00bb au Village des Sciences de Valence.<\/p>\t\t\t\t\t\t\t\t<\/div>\n\t\t\t\t\t<\/div>\n\t\t\t\t<\/div>\n\t\t\t\t<\/div>\n\t\t","protected":false},"excerpt":{"rendered":"<p>Trois rendez-vous avec le GIPSA-lab sont programm\u00e9s \u00e0 l&rsquo;occasion de l&rsquo;\u00e9dition de la F\u00eate de la science 2025 \u00ab\u00a0Intelligences\u00a0\u00bb. Les ateliers et visites de plateformes pour les coll\u00e9giens et lyc\u00e9ens Le jeudi 9 octobre, les coll\u00e9giens et lyc\u00e9ens d\u00e9couvriront diff\u00e9rents types d&rsquo;Intelligences : Intelligence humaine, Intelligence robotique et Intelligence artificielle. Des ateliers et visites de [&hellip;]<\/p>\n","protected":false},"author":2,"featured_media":7216,"comment_status":"open","ping_status":"closed","sticky":false,"template":"","format":"standard","meta":{"rs_blank_template":"","rs_page_bg_color":"","slide_template_v7":"","footnotes":""},"categories":[75],"tags":[],"class_list":["post-7213","post","type-post","status-publish","format-standard","has-post-thumbnail","hentry","category-grand_public"],"lang":"fr","translations":{"fr":7213},"pll_sync_post":[],"_links":{"self":[{"href":"https:\/\/intra-dev-2.excellis.org\/index.php?rest_route=\/wp\/v2\/posts\/7213","targetHints":{"allow":["GET"]}}],"collection":[{"href":"https:\/\/intra-dev-2.excellis.org\/index.php?rest_route=\/wp\/v2\/posts"}],"about":[{"href":"https:\/\/intra-dev-2.excellis.org\/index.php?rest_route=\/wp\/v2\/types\/post"}],"author":[{"embeddable":true,"href":"https:\/\/intra-dev-2.excellis.org\/index.php?rest_route=\/wp\/v2\/users\/2"}],"replies":[{"embeddable":true,"href":"https:\/\/intra-dev-2.excellis.org\/index.php?rest_route=%2Fwp%2Fv2%2Fcomments&post=7213"}],"version-history":[{"count":4,"href":"https:\/\/intra-dev-2.excellis.org\/index.php?rest_route=\/wp\/v2\/posts\/7213\/revisions"}],"predecessor-version":[{"id":7227,"href":"https:\/\/intra-dev-2.excellis.org\/index.php?rest_route=\/wp\/v2\/posts\/7213\/revisions\/7227"}],"wp:featuredmedia":[{"embeddable":true,"href":"https:\/\/intra-dev-2.excellis.org\/index.php?rest_route=\/wp\/v2\/media\/7216"}],"wp:attachment":[{"href":"https:\/\/intra-dev-2.excellis.org\/index.php?rest_route=%2Fwp%2Fv2%2Fmedia&parent=7213"}],"wp:term":[{"taxonomy":"category","embeddable":true,"href":"https:\/\/intra-dev-2.excellis.org\/index.php?rest_route=%2Fwp%2Fv2%2Fcategories&post=7213"},{"taxonomy":"post_tag","embeddable":true,"href":"https:\/\/intra-dev-2.excellis.org\/index.php?rest_route=%2Fwp%2Fv2%2Ftags&post=7213"}],"curies":[{"name":"wp","href":"https:\/\/api.w.org\/{rel}","templated":true}]}}