{"id":8292,"date":"2022-07-20T13:43:00","date_gmt":"2022-07-20T11:43:00","guid":{"rendered":"https:\/\/intra-dev-2.excellis.org\/?p=8292"},"modified":"2025-12-07T15:13:07","modified_gmt":"2025-12-07T14:13:07","slug":"nicolas-keriven-recompense-par-le-prix-early-career-prize","status":"publish","type":"post","link":"https:\/\/intra-dev-2.excellis.org\/?p=8292","title":{"rendered":"Nicolas KERIVEN, r\u00e9compens\u00e9 du Early Career Prize\u00a0"},"content":{"rendered":"\t\t<div data-elementor-type=\"wp-post\" data-elementor-id=\"8292\" class=\"elementor elementor-8292\" data-elementor-post-type=\"post\">\n\t\t\t\t<div class=\"elementor-element elementor-element-f969cd4 e-flex e-con-boxed e-con e-parent\" data-id=\"f969cd4\" data-element_type=\"container\" data-e-type=\"container\">\n\t\t\t\t\t<div class=\"e-con-inner\">\n\t\t\t\t<div class=\"elementor-element elementor-element-738abd0 elementor-widget elementor-widget-text-editor\" data-id=\"738abd0\" data-element_type=\"widget\" data-e-type=\"widget\" data-widget_type=\"text-editor.default\">\n\t\t\t\t\t\t\t\t\t<p><strong>Christian JUTTEN<\/strong>, <strong>Professeur \u00c9m\u00e9rite UGA<\/strong> au GIPSA-lab, est<strong> Laur\u00e9at 2023 du Grand Prix \u00ab\u00a0Claude Shannon-Harry Nyquist Technical Achievement Award<\/strong>\u00a0\u00bb d\u00e9cern\u00e9 par IEEE Signal Processing Society Awards.<\/p><p>Ce prix rend hommage aux personnes qui, au fil des ann\u00e9es, ont apport\u00e9 des contributions techniques exceptionnelles \u00e0 la th\u00e9orie et\/ou \u00e0 la pratique dans des domaines techniques relevant de la comp\u00e9tence de la IEEE Signal Processing Society, comme en t\u00e9moignent des publications, des brevets ou un impact reconnu dans le domaine.<\/p><p>En 2024, <strong>Christian Jutten<\/strong> est un de deux scientifiques qui ont l&rsquo;honneur de recevoir ce prix, remis lors de la c\u00e9r\u00e9monie d\u2019ouverture de la <strong>Conf\u00e9rence ICASSP 2024<\/strong> \u00e0 <strong>S\u00e9oul<\/strong>.<br \/>Ce prix r\u00e9compense\u00a0<strong>Christian Jutten<\/strong>\u00a0pour ses \u00ab contributions pionni\u00e8res \u00e0 la s\u00e9paration aveugle de sources \u00bb et il souhaite souligner le r\u00f4le important de M. Jeanny H\u00e9rault, ancien professeur au Gipsa-lab, dans les premiers d\u00e9veloppements sur le s\u00e9paration de sources, mais aussi la participation de ses nombreux doctorants et collaborateurs qui ont travaill\u00e9 avec lui sur ce domaine, et ont ainsi directement contribu\u00e9 \u00e0 sa carri\u00e8re et donc \u00e0 l\u2019attribution de ce prix.<\/p>\t\t\t\t\t\t\t\t<\/div>\n\t\t<div class=\"elementor-element elementor-element-cb61321 e-con-full e-flex e-con e-child\" data-id=\"cb61321\" data-element_type=\"container\" data-e-type=\"container\">\n\t\t<div class=\"elementor-element elementor-element-ce7c15c e-con-full e-flex e-con e-child\" data-id=\"ce7c15c\" data-element_type=\"container\" data-e-type=\"container\">\n\t\t\t\t<div class=\"elementor-element elementor-element-dca2b3e elementor-widget elementor-widget-heading\" data-id=\"dca2b3e\" data-element_type=\"widget\" data-e-type=\"widget\" data-widget_type=\"heading.default\">\n\t\t\t\t\t<h5 class=\"elementor-heading-title elementor-size-default\">En savoir plus sur :<\/h5>\t\t\t\t<\/div>\n\t\t\t\t<\/div>\n\t\t<div class=\"elementor-element elementor-element-dd972f1 e-con-full e-flex e-con e-child\" data-id=\"dd972f1\" data-element_type=\"container\" data-e-type=\"container\">\n\t\t\t\t<div class=\"elementor-element elementor-element-2a0e0b9 elementor-icon-list--layout-traditional elementor-list-item-link-full_width elementor-widget elementor-widget-icon-list\" data-id=\"2a0e0b9\" data-element_type=\"widget\" data-e-type=\"widget\" data-widget_type=\"icon-list.default\">\n\t\t\t\t\t\t\t<ul class=\"elementor-icon-list-items\">\n\t\t\t\t\t\t\t<li class=\"elementor-icon-list-item\">\n\t\t\t\t\t\t\t\t\t\t\t<a href=\"https:\/\/signalprocessingsociety.org\/newsletter\/2024\/01\/2023-ieee-signal-processing-society-awards-be-presented-korea\">\n\n\t\t\t\t\t\t\t\t\t\t\t\t<span class=\"elementor-icon-list-icon\">\n\t\t\t\t\t\t\t<svg aria-hidden=\"true\" class=\"e-font-icon-svg e-fas-arrow-alt-circle-right\" viewBox=\"0 0 512 512\" xmlns=\"http:\/\/www.w3.org\/2000\/svg\"><path d=\"M256 8c137 0 248 111 248 248S393 504 256 504 8 393 8 256 119 8 256 8zM140 300h116v70.9c0 10.7 13 16.1 20.5 8.5l114.3-114.9c4.7-4.7 4.7-12.2 0-16.9l-114.3-115c-7.6-7.6-20.5-2.2-20.5 8.5V212H140c-6.6 0-12 5.4-12 12v64c0 6.6 5.4 12 12 12z\"><\/path><\/svg>\t\t\t\t\t\t<\/span>\n\t\t\t\t\t\t\t\t\t\t<span class=\"elementor-icon-list-text\">Les laur\u00e9ats de IEEE Signal Processing Society - January 2024<\/span>\n\t\t\t\t\t\t\t\t\t\t\t<\/a>\n\t\t\t\t\t\t\t\t\t<\/li>\n\t\t\t\t\t\t\t\t<li class=\"elementor-icon-list-item\">\n\t\t\t\t\t\t\t\t\t\t\t<a href=\"https:\/\/intranet.gipsa-lab.grenoble-inp.fr\/user\/christian.jutten\">\n\n\t\t\t\t\t\t\t\t\t\t\t\t<span class=\"elementor-icon-list-icon\">\n\t\t\t\t\t\t\t<svg aria-hidden=\"true\" class=\"e-font-icon-svg e-fas-arrow-alt-circle-right\" viewBox=\"0 0 512 512\" xmlns=\"http:\/\/www.w3.org\/2000\/svg\"><path d=\"M256 8c137 0 248 111 248 248S393 504 256 504 8 393 8 256 119 8 256 8zM140 300h116v70.9c0 10.7 13 16.1 20.5 8.5l114.3-114.9c4.7-4.7 4.7-12.2 0-16.9l-114.3-115c-7.6-7.6-20.5-2.2-20.5 8.5V212H140c-6.6 0-12 5.4-12 12v64c0 6.6 5.4 12 12 12z\"><\/path><\/svg>\t\t\t\t\t\t<\/span>\n\t\t\t\t\t\t\t\t\t\t<span class=\"elementor-icon-list-text\">Sur les travaux de Christian Jutten<\/span>\n\t\t\t\t\t\t\t\t\t\t\t<\/a>\n\t\t\t\t\t\t\t\t\t<\/li>\n\t\t\t\t\t\t<\/ul>\n\t\t\t\t\t\t<\/div>\n\t\t\t\t<\/div>\n\t\t\t\t<\/div>\n\t\t\t\t\t<\/div>\n\t\t\t\t<\/div>\n\t\t\t\t<\/div>\n\t\t","protected":false},"excerpt":{"rendered":"<p>Christian JUTTEN, Professeur \u00c9m\u00e9rite UGA au GIPSA-lab, est Laur\u00e9at 2023 du Grand Prix \u00ab\u00a0Claude Shannon-Harry Nyquist Technical Achievement Award\u00a0\u00bb d\u00e9cern\u00e9 par IEEE Signal Processing Society Awards. Ce prix rend hommage aux personnes qui, au fil des ann\u00e9es, ont apport\u00e9 des contributions techniques exceptionnelles \u00e0 la th\u00e9orie et\/ou \u00e0 la pratique dans des domaines techniques relevant [&hellip;]<\/p>\n","protected":false},"author":2,"featured_media":8301,"comment_status":"closed","ping_status":"open","sticky":false,"template":"","format":"standard","meta":{"rs_blank_template":"","rs_page_bg_color":"","slide_template_v7":"","footnotes":""},"categories":[233],"tags":[],"class_list":["post-8292","post","type-post","status-publish","format-standard","has-post-thumbnail","hentry","category-prix_distinctions_gaia"],"lang":"fr","translations":{"fr":8292},"pll_sync_post":[],"_links":{"self":[{"href":"https:\/\/intra-dev-2.excellis.org\/index.php?rest_route=\/wp\/v2\/posts\/8292","targetHints":{"allow":["GET"]}}],"collection":[{"href":"https:\/\/intra-dev-2.excellis.org\/index.php?rest_route=\/wp\/v2\/posts"}],"about":[{"href":"https:\/\/intra-dev-2.excellis.org\/index.php?rest_route=\/wp\/v2\/types\/post"}],"author":[{"embeddable":true,"href":"https:\/\/intra-dev-2.excellis.org\/index.php?rest_route=\/wp\/v2\/users\/2"}],"replies":[{"embeddable":true,"href":"https:\/\/intra-dev-2.excellis.org\/index.php?rest_route=%2Fwp%2Fv2%2Fcomments&post=8292"}],"version-history":[{"count":3,"href":"https:\/\/intra-dev-2.excellis.org\/index.php?rest_route=\/wp\/v2\/posts\/8292\/revisions"}],"predecessor-version":[{"id":8304,"href":"https:\/\/intra-dev-2.excellis.org\/index.php?rest_route=\/wp\/v2\/posts\/8292\/revisions\/8304"}],"wp:featuredmedia":[{"embeddable":true,"href":"https:\/\/intra-dev-2.excellis.org\/index.php?rest_route=\/wp\/v2\/media\/8301"}],"wp:attachment":[{"href":"https:\/\/intra-dev-2.excellis.org\/index.php?rest_route=%2Fwp%2Fv2%2Fmedia&parent=8292"}],"wp:term":[{"taxonomy":"category","embeddable":true,"href":"https:\/\/intra-dev-2.excellis.org\/index.php?rest_route=%2Fwp%2Fv2%2Fcategories&post=8292"},{"taxonomy":"post_tag","embeddable":true,"href":"https:\/\/intra-dev-2.excellis.org\/index.php?rest_route=%2Fwp%2Fv2%2Ftags&post=8292"}],"curies":[{"name":"wp","href":"https:\/\/api.w.org\/{rel}","templated":true}]}}