{"id":9902,"date":"2026-01-12T13:52:55","date_gmt":"2026-01-12T12:52:55","guid":{"rendered":"https:\/\/intra-dev-2.excellis.org\/?p=9902"},"modified":"2026-01-12T13:59:10","modified_gmt":"2026-01-12T12:59:10","slug":"bassel-othman-laureat-de-la-chaire-sanef-abertis","status":"publish","type":"post","link":"https:\/\/intra-dev-2.excellis.org\/?p=9902","title":{"rendered":"Bassel OTHMAN, laur\u00e9at de la Chaire Sanef Abertis"},"content":{"rendered":"\t\t<div data-elementor-type=\"wp-post\" data-elementor-id=\"9902\" class=\"elementor elementor-9902\" data-elementor-post-type=\"post\">\n\t\t\t\t<div class=\"elementor-element elementor-element-61cca5d7 e-flex e-con-boxed e-con e-parent\" data-id=\"61cca5d7\" data-element_type=\"container\" data-e-type=\"container\">\n\t\t\t\t\t<div class=\"e-con-inner\">\n\t\t\t\t<div class=\"elementor-element elementor-element-7e2f5eed elementor-widget elementor-widget-text-editor\" data-id=\"7e2f5eed\" data-element_type=\"widget\" data-e-type=\"widget\" data-widget_type=\"text-editor.default\">\n\t\t\t\t\t\t\t\t\t<p>Bassel OTHMAN a \u00e9t\u00e9 r\u00e9compens\u00e9, le 23 Septembre 2022, du 11\u00e8me prix de la chaire Sanef Abertis &#8211; \u00c9cole des Ponts ParisTech, dans la cat\u00e9gorie th\u00e8se \u00ab\u00a0Gestion des infrastructures de transport\u00a0\u00bb.\u00a0<\/p>\t\t\t\t\t\t\t\t<\/div>\n\t\t\t\t<div class=\"elementor-element elementor-element-6cba9a81 elementor-widget elementor-widget-text-editor\" data-id=\"6cba9a81\" data-element_type=\"widget\" data-e-type=\"widget\" data-widget_type=\"text-editor.default\">\n\t\t\t\t\t\t\t\t\t<p>Aujourd&rsquo;hui ing\u00e9nieur R&amp;D chez IFPEN, ce prix r\u00e9compense ses travaux de th\u00e8se, r\u00e9alis\u00e9s sous la\u00a0 direction de Carlos CANUDAS-DE-WIT, chercheur CNRS \/ GIPSA-Lab \u00e9quipe DANCE, de Giovanni DE NUNZIO et de Domenico DI DOMENICO, ses collaborateurs \u00e0 l&rsquo;IFPEN. \u00a0<\/p>\t\t\t\t\t\t\t\t<\/div>\n\t\t<div class=\"elementor-element elementor-element-66741ab4 e-con-full e-flex e-con e-child\" data-id=\"66741ab4\" data-element_type=\"container\" data-e-type=\"container\">\n\t\t<div class=\"elementor-element elementor-element-454ef405 e-con-full e-flex e-con e-child\" data-id=\"454ef405\" data-element_type=\"container\" data-e-type=\"container\">\n\t\t<div class=\"elementor-element elementor-element-a7ae2ba e-con-full e-flex e-con e-child\" data-id=\"a7ae2ba\" data-element_type=\"container\" data-e-type=\"container\">\n\t\t\t\t<div class=\"elementor-element elementor-element-327c8aa elementor-widget elementor-widget-image\" data-id=\"327c8aa\" data-element_type=\"widget\" data-e-type=\"widget\" data-widget_type=\"image.default\">\n\t\t\t\t\t\t\t\t\t\t\t\t\t\t\t<img decoding=\"async\" width=\"186\" height=\"240\" src=\"https:\/\/intra-dev-2.excellis.org\/wp-content\/uploads\/2026\/01\/medium.png\" class=\"attachment-large size-large wp-image-9897\" alt=\"\" \/>\t\t\t\t\t\t\t\t\t\t\t\t\t\t\t<\/div>\n\t\t<div class=\"elementor-element elementor-element-eb05ce0 e-con-full e-flex e-con e-child\" data-id=\"eb05ce0\" data-element_type=\"container\" data-e-type=\"container\">\n\t\t\t\t<div class=\"elementor-element elementor-element-d41a09c elementor-widget elementor-widget-heading\" data-id=\"d41a09c\" data-element_type=\"widget\" data-e-type=\"widget\" data-widget_type=\"heading.default\">\n\t\t\t\t\t<h3 class=\"elementor-heading-title elementor-size-default\">Variable speed limits and signalized access control in an urban road network for improved environmental sustainability<\/h3>\t\t\t\t<\/div>\n\t\t\t\t<div class=\"elementor-element elementor-element-b2972b1 elementor-widget elementor-widget-text-editor\" data-id=\"b2972b1\" data-element_type=\"widget\" data-e-type=\"widget\" data-widget_type=\"text-editor.default\">\n\t\t\t\t\t\t\t\t\t<p><span style=\"color: #00589c; font-family: 'Helvetica Neue', Helvetica, Roboto, Arial, sans-serif; background-color: #fefefe;\">Bassel Othman<\/span><br \/><span style=\"color: #0a0a0a; font-family: 'Helvetica Neue', Helvetica, Roboto, Arial, sans-serif; background-color: #fefefe;\">Automatic Control Engineering. Universit\u00e9 Grenoble Alpes [2020-&#8230;.], 2021<\/span><\/p><p><a style=\"letter-spacing: 0px; box-sizing: inherit; background-color: #fefefe; line-height: inherit; color: #1779ba; cursor: pointer; font-family: 'Helvetica Neue', Helvetica, Roboto, Arial, sans-serif;\" title=\"(s'ouvre dans une nouvelle fen\u00eatre)\" href=\"https:\/\/theses.hal.science\/tel-03524151v1\" target=\"_blank\" rel=\"noopener noreferrer\" data-extlink=\"\">tel-03524151 &#8211; NNT : 2021GRALT065\u00a0<\/a><\/p>\t\t\t\t\t\t\t\t<\/div>\n\t\t\t\t<\/div>\n\t\t\t\t<\/div>\n\t\t\t\t<\/div>\n\t\t\t\t<\/div>\n\t\t<div class=\"elementor-element elementor-element-6cad69e7 e-con-full e-flex e-con e-child\" data-id=\"6cad69e7\" data-element_type=\"container\" data-e-type=\"container\">\n\t\t<div class=\"elementor-element elementor-element-6d3d2159 e-con-full e-flex e-con e-child\" data-id=\"6d3d2159\" data-element_type=\"container\" data-e-type=\"container\">\n\t\t\t\t<div class=\"elementor-element elementor-element-46aff23c elementor-widget elementor-widget-heading\" data-id=\"46aff23c\" data-element_type=\"widget\" data-e-type=\"widget\" data-widget_type=\"heading.default\">\n\t\t\t\t\t<h5 class=\"elementor-heading-title elementor-size-default\">En savoir plus sur :<\/h5>\t\t\t\t<\/div>\n\t\t\t\t<\/div>\n\t\t<div class=\"elementor-element elementor-element-6fe63718 e-con-full e-flex e-con e-child\" data-id=\"6fe63718\" data-element_type=\"container\" data-e-type=\"container\">\n\t\t\t\t<div class=\"elementor-element elementor-element-44dcfe4a elementor-icon-list--layout-traditional elementor-list-item-link-full_width elementor-widget elementor-widget-icon-list\" data-id=\"44dcfe4a\" data-element_type=\"widget\" data-e-type=\"widget\" data-widget_type=\"icon-list.default\">\n\t\t\t\t\t\t\t<ul class=\"elementor-icon-list-items\">\n\t\t\t\t\t\t\t<li class=\"elementor-icon-list-item\">\n\t\t\t\t\t\t\t\t\t\t\t<a href=\"https:\/\/www.groupe.sanef.com\/fr\/actualite\/11eme-prix-chaire-sanef-abertis-ecole-des-ponts-paristech\">\n\n\t\t\t\t\t\t\t\t\t\t\t\t<span class=\"elementor-icon-list-icon\">\n\t\t\t\t\t\t\t<svg aria-hidden=\"true\" class=\"e-font-icon-svg e-fas-arrow-alt-circle-right\" viewBox=\"0 0 512 512\" xmlns=\"http:\/\/www.w3.org\/2000\/svg\"><path d=\"M256 8c137 0 248 111 248 248S393 504 256 504 8 393 8 256 119 8 256 8zM140 300h116v70.9c0 10.7 13 16.1 20.5 8.5l114.3-114.9c4.7-4.7 4.7-12.2 0-16.9l-114.3-115c-7.6-7.6-20.5-2.2-20.5 8.5V212H140c-6.6 0-12 5.4-12 12v64c0 6.6 5.4 12 12 12z\"><\/path><\/svg>\t\t\t\t\t\t<\/span>\n\t\t\t\t\t\t\t\t\t\t<span class=\"elementor-icon-list-text\"> Sur la Chaire Sanef Abertis - \u00c9cole des Ponts ParisTech et ses laur\u00e9ats<\/span>\n\t\t\t\t\t\t\t\t\t\t\t<\/a>\n\t\t\t\t\t\t\t\t\t<\/li>\n\t\t\t\t\t\t<\/ul>\n\t\t\t\t\t\t<\/div>\n\t\t\t\t<\/div>\n\t\t\t\t<\/div>\n\t\t\t\t\t<\/div>\n\t\t\t\t<\/div>\n\t\t\t\t<\/div>\n\t\t","protected":false},"excerpt":{"rendered":"<p>Bassel OTHMAN a \u00e9t\u00e9 r\u00e9compens\u00e9, le 23 Septembre 2022, du 11\u00e8me prix de la chaire Sanef Abertis &#8211; \u00c9cole des Ponts ParisTech, dans la cat\u00e9gorie th\u00e8se \u00ab\u00a0Gestion des infrastructures de transport\u00a0\u00bb.\u00a0 Aujourd&rsquo;hui ing\u00e9nieur R&amp;D chez IFPEN, ce prix r\u00e9compense ses travaux de th\u00e8se, r\u00e9alis\u00e9s sous la\u00a0 direction de Carlos CANUDAS-DE-WIT, chercheur CNRS \/ GIPSA-Lab \u00e9quipe [&hellip;]<\/p>\n","protected":false},"author":2,"featured_media":9904,"comment_status":"closed","ping_status":"open","sticky":false,"template":"","format":"standard","meta":{"rs_blank_template":"","rs_page_bg_color":"","slide_template_v7":"","footnotes":""},"categories":[270,98],"tags":[],"class_list":["post-9902","post","type-post","status-publish","format-standard","has-post-thumbnail","hentry","category-prix_distinction_nomination_dance","category-prix_distinctions_pad"],"lang":"fr","translations":{"fr":9902},"pll_sync_post":[],"_links":{"self":[{"href":"https:\/\/intra-dev-2.excellis.org\/index.php?rest_route=\/wp\/v2\/posts\/9902","targetHints":{"allow":["GET"]}}],"collection":[{"href":"https:\/\/intra-dev-2.excellis.org\/index.php?rest_route=\/wp\/v2\/posts"}],"about":[{"href":"https:\/\/intra-dev-2.excellis.org\/index.php?rest_route=\/wp\/v2\/types\/post"}],"author":[{"embeddable":true,"href":"https:\/\/intra-dev-2.excellis.org\/index.php?rest_route=\/wp\/v2\/users\/2"}],"replies":[{"embeddable":true,"href":"https:\/\/intra-dev-2.excellis.org\/index.php?rest_route=%2Fwp%2Fv2%2Fcomments&post=9902"}],"version-history":[{"count":5,"href":"https:\/\/intra-dev-2.excellis.org\/index.php?rest_route=\/wp\/v2\/posts\/9902\/revisions"}],"predecessor-version":[{"id":10072,"href":"https:\/\/intra-dev-2.excellis.org\/index.php?rest_route=\/wp\/v2\/posts\/9902\/revisions\/10072"}],"wp:featuredmedia":[{"embeddable":true,"href":"https:\/\/intra-dev-2.excellis.org\/index.php?rest_route=\/wp\/v2\/media\/9904"}],"wp:attachment":[{"href":"https:\/\/intra-dev-2.excellis.org\/index.php?rest_route=%2Fwp%2Fv2%2Fmedia&parent=9902"}],"wp:term":[{"taxonomy":"category","embeddable":true,"href":"https:\/\/intra-dev-2.excellis.org\/index.php?rest_route=%2Fwp%2Fv2%2Fcategories&post=9902"},{"taxonomy":"post_tag","embeddable":true,"href":"https:\/\/intra-dev-2.excellis.org\/index.php?rest_route=%2Fwp%2Fv2%2Ftags&post=9902"}],"curies":[{"name":"wp","href":"https:\/\/api.w.org\/{rel}","templated":true}]}}